{"id":1275,"date":"2023-03-06T12:48:03","date_gmt":"2023-03-06T12:48:03","guid":{"rendered":"https:\/\/auladeacordeon.com.br\/blog\/?p=1275"},"modified":"2023-03-06T12:48:03","modified_gmt":"2023-03-06T12:48:03","slug":"a-historia-do-acordeon-no-brasil-e-seus-estilos-musicais","status":"publish","type":"post","link":"https:\/\/auladeacordeon.com.br\/blog\/a-historia-do-acordeon-no-brasil-e-seus-estilos-musicais\/","title":{"rendered":"A hist\u00f3ria do acordeon no Brasil e seus estilos musicais"},"content":{"rendered":"<h2>A hist\u00f3ria do acordeon no Brasil e seus estilos musicais<\/h2>\n<p>O acordeon \u00e9 um instrumento musical que chegou ao Brasil atrav\u00e9s dos imigrantes europeus no final do s\u00e9culo XIX.<\/p>\n<h3>Imigra\u00e7\u00e3o e influ\u00eancias culturais<\/h3>\n<p>A chegada dos imigrantes europeus ao Brasil trouxe consigo uma variedade de tradi\u00e7\u00f5es musicais, incluindo o acordeon. O instrumento rapidamente se tornou popular em todo o pa\u00eds, sendo utilizado em uma variedade de estilos musicais que representam a diversidade cultural e regional do Brasil.<\/p>\n<h3>Estilos musicais regionais<\/h3>\n<p>Em diferentes regi\u00f5es do Brasil, o acordeon \u00e9 utilizado em estilos musicais \u00fanicos. No sul do pa\u00eds, por exemplo, os imigrantes italianos trouxeram a tradi\u00e7\u00e3o do acordeon diat\u00f4nico, tamb\u00e9m conhecido como &#8220;gaita-ponto&#8221; ou &#8220;sanfona&#8221;. Esse tipo de acorde\u00e3o \u00e9 caracterizado por um som mais agudo e \u00e9 utilizado principalmente em m\u00fasicas folcl\u00f3ricas.<\/p>\n<p>No nordeste do Brasil, o acordeon crom\u00e1tico \u00e9 mais comum. Esse tipo de acordeon tem um som mais suave e \u00e9 usado em estilos como o forr\u00f3, o bai\u00e3o e o xote. M\u00fasicos como Luiz Gonzaga e Dominguinhos popularizaram o instrumento na regi\u00e3o, tornando-o uma presen\u00e7a constante na m\u00fasica nordestina.<\/p>\n<p>Al\u00e9m disso, o acordeon tamb\u00e9m \u00e9 utilizado em outros estilos musicais em todo o Brasil, como o sertanejo, o choro e o jazz. O m\u00fasico brasileiro Hermeto Pascoal, por exemplo, \u00e9 conhecido por seu uso inovador do acordeon em suas composi\u00e7\u00f5es.<\/p>\n<h3>A import\u00e2ncia do acorde\u00e3o na m\u00fasica brasileira<\/h3>\n<p>A hist\u00f3ria do acordeon no Brasil \u00e9 uma mistura de influ\u00eancias culturais que se uniram para criar uma tradi\u00e7\u00e3o musical \u00fanica e diversificada. O instrumento \u00e9 valorizado em todo o pa\u00eds e \u00e9 um dos mais importantes em muitos dos principais estilos musicais do Brasil.<\/p>\n<p>Se voc\u00ea est\u00e1 interessado em aprender a tocar acordeon, \u00e9 importante considerar as diferentes tradi\u00e7\u00f5es musicais em que o instrumento \u00e9 utilizado em todo o pa\u00eds. Cada estilo musical tem suas pr\u00f3prias t\u00e9cnicas e estilos de tocar o acorde\u00e3o, ent\u00e3o encontrar um professor qualificado e experiente para te ensinar os fundamentos progressivamente, pode ajud\u00e1-lo a aprender as nuances necess\u00e1rias para tocar com autenticidade o estilo musical do seu interesse.<\/p>\n<h3>Conclus\u00e3o<\/h3>\n<p>A hist\u00f3ria do acordeon no Brasil \u00e9 rica e diversificada, refletindo a variedade de influ\u00eancias culturais que formaram a m\u00fasica brasileira. Se voc\u00ea est\u00e1 interessado em aprender a tocar acordeon, n\u00e3o h\u00e1 falta de estilos musicais para explorar e se inspirar. Encontre um professor experiente e comece a explorar as muitas possibilidades musicais que o acordeon tem a oferecer.<\/p>\n","protected":false},"excerpt":{"rendered":"<p>A hist\u00f3ria do acordeon no Brasil e seus estilos musicais O acordeon \u00e9 um instrumento musical que chegou ao Brasil atrav\u00e9s dos imigrantes europeus no final do s\u00e9culo XIX. Imigra\u00e7\u00e3o e influ\u00eancias culturais A chegada dos imigrantes europeus ao Brasil trouxe consigo uma variedade de tradi\u00e7\u00f5es musicais, incluindo o acordeon. O instrumento rapidamente se tornou[&#8230;]\n","protected":false},"author":5,"featured_media":1279,"comment_status":"open","ping_status":"open","sticky":false,"template":"","format":"standard","meta":[],"categories":[4],"tags":[],"yoast_head":"<!-- This site is optimized with the Yoast SEO Premium plugin v18.0 (Yoast SEO v19.10) - https:\/\/yoast.com\/wordpress\/plugins\/seo\/ -->\n<title>A hist\u00f3ria do acordeon no Brasil e seus estilos musicais - Aula de Acordeon<\/title>\n<meta name=\"description\" content=\"As influ\u00eancias culturais do acordeon no Brasil, a hist\u00f3ria do acordeon no Brasil, e os estilos musicais do acordeon no Brasil.\" \/>\n<meta name=\"robots\" content=\"index, follow, max-snippet:-1, max-image-preview:large, max-video-preview:-1\" \/>\n<link rel=\"canonical\" href=\"https:\/\/auladeacordeon.com.br\/blog\/a-historia-do-acordeon-no-brasil-e-seus-estilos-musicais\/\" \/>\n<meta property=\"og:locale\" content=\"pt_BR\" \/>\n<meta property=\"og:type\" content=\"article\" \/>\n<meta property=\"og:title\" content=\"A hist\u00f3ria do acordeon no Brasil e seus estilos musicais\" \/>\n<meta property=\"og:description\" content=\"As influ\u00eancias culturais do acordeon no Brasil, a hist\u00f3ria do acordeon no Brasil, e os estilos musicais do acordeon no Brasil.\" \/>\n<meta property=\"og:url\" content=\"https:\/\/auladeacordeon.com.br\/blog\/a-historia-do-acordeon-no-brasil-e-seus-estilos-musicais\/\" \/>\n<meta property=\"og:site_name\" content=\"Aula de Acordeon\" \/>\n<meta property=\"article:published_time\" content=\"2023-03-06T12:48:03+00:00\" \/>\n<meta property=\"og:image\" content=\"https:\/\/auladeacordeon.com.br\/blog\/wp-content\/uploads\/2023\/03\/Fotos-para-BLOG.png\" \/>\n\t<meta property=\"og:image:width\" content=\"1080\" \/>\n\t<meta property=\"og:image:height\" content=\"1080\" \/>\n\t<meta property=\"og:image:type\" content=\"image\/png\" \/>\n<meta name=\"author\" content=\"Rafael Vanazzi\" \/>\n<meta name=\"twitter:card\" content=\"summary_large_image\" \/>\n<meta name=\"twitter:label1\" content=\"Escrito por\" \/>\n\t<meta name=\"twitter:data1\" content=\"Rafael Vanazzi\" \/>\n\t<meta name=\"twitter:label2\" content=\"Est. tempo de leitura\" \/>\n\t<meta name=\"twitter:data2\" content=\"3 minutos\" \/>\n<script type=\"application\/ld+json\" class=\"yoast-schema-graph\">{\"@context\":\"https:\/\/schema.org\",\"@graph\":[{\"@type\":\"Article\",\"@id\":\"https:\/\/auladeacordeon.com.br\/blog\/a-historia-do-acordeon-no-brasil-e-seus-estilos-musicais\/#article\",\"isPartOf\":{\"@id\":\"https:\/\/auladeacordeon.com.br\/blog\/a-historia-do-acordeon-no-brasil-e-seus-estilos-musicais\/\"},\"author\":{\"name\":\"Rafael Vanazzi\",\"@id\":\"http:\/\/auladeacordeon.com.br\/blog\/#\/schema\/person\/467a9b06e52798baad43b1de0999b9ab\"},\"headline\":\"A hist\u00f3ria do acordeon no Brasil e seus estilos musicais\",\"datePublished\":\"2023-03-06T12:48:03+00:00\",\"dateModified\":\"2023-03-06T12:48:03+00:00\",\"mainEntityOfPage\":{\"@id\":\"https:\/\/auladeacordeon.com.br\/blog\/a-historia-do-acordeon-no-brasil-e-seus-estilos-musicais\/\"},\"wordCount\":446,\"commentCount\":0,\"publisher\":{\"@id\":\"http:\/\/auladeacordeon.com.br\/blog\/#organization\"},\"articleSection\":[\"Artigos\"],\"inLanguage\":\"pt-BR\",\"potentialAction\":[{\"@type\":\"CommentAction\",\"name\":\"Comment\",\"target\":[\"https:\/\/auladeacordeon.com.br\/blog\/a-historia-do-acordeon-no-brasil-e-seus-estilos-musicais\/#respond\"]}]},{\"@type\":\"WebPage\",\"@id\":\"https:\/\/auladeacordeon.com.br\/blog\/a-historia-do-acordeon-no-brasil-e-seus-estilos-musicais\/\",\"url\":\"https:\/\/auladeacordeon.com.br\/blog\/a-historia-do-acordeon-no-brasil-e-seus-estilos-musicais\/\",\"name\":\"A hist\u00f3ria do acordeon no Brasil e seus estilos musicais - Aula de Acordeon\",\"isPartOf\":{\"@id\":\"http:\/\/auladeacordeon.com.br\/blog\/#website\"},\"datePublished\":\"2023-03-06T12:48:03+00:00\",\"dateModified\":\"2023-03-06T12:48:03+00:00\",\"description\":\"As influ\u00eancias culturais do acordeon no Brasil, a hist\u00f3ria do acordeon no Brasil, e os estilos musicais do acordeon no Brasil.\",\"breadcrumb\":{\"@id\":\"https:\/\/auladeacordeon.com.br\/blog\/a-historia-do-acordeon-no-brasil-e-seus-estilos-musicais\/#breadcrumb\"},\"inLanguage\":\"pt-BR\",\"potentialAction\":[{\"@type\":\"ReadAction\",\"target\":[\"https:\/\/auladeacordeon.com.br\/blog\/a-historia-do-acordeon-no-brasil-e-seus-estilos-musicais\/\"]}]},{\"@type\":\"BreadcrumbList\",\"@id\":\"https:\/\/auladeacordeon.com.br\/blog\/a-historia-do-acordeon-no-brasil-e-seus-estilos-musicais\/#breadcrumb\",\"itemListElement\":[{\"@type\":\"ListItem\",\"position\":1,\"name\":\"Home\",\"item\":\"http:\/\/auladeacordeon.com.br\/blog\/\"},{\"@type\":\"ListItem\",\"position\":2,\"name\":\"A hist\u00f3ria do acordeon no Brasil e seus estilos musicais\"}]},{\"@type\":\"WebSite\",\"@id\":\"http:\/\/auladeacordeon.com.br\/blog\/#website\",\"url\":\"http:\/\/auladeacordeon.com.br\/blog\/\",\"name\":\"Aula de Acordeon\",\"description\":\"Blog\",\"publisher\":{\"@id\":\"http:\/\/auladeacordeon.com.br\/blog\/#organization\"},\"alternateName\":\"Artigos e textos para quem ama acordeon\",\"potentialAction\":[{\"@type\":\"SearchAction\",\"target\":{\"@type\":\"EntryPoint\",\"urlTemplate\":\"http:\/\/auladeacordeon.com.br\/blog\/?s={search_term_string}\"},\"query-input\":\"required name=search_term_string\"}],\"inLanguage\":\"pt-BR\"},{\"@type\":\"Organization\",\"@id\":\"http:\/\/auladeacordeon.com.br\/blog\/#organization\",\"name\":\"Aula de Acordeon\",\"url\":\"http:\/\/auladeacordeon.com.br\/blog\/\",\"logo\":{\"@type\":\"ImageObject\",\"inLanguage\":\"pt-BR\",\"@id\":\"http:\/\/auladeacordeon.com.br\/blog\/#\/schema\/logo\/image\/\",\"url\":\"https:\/\/auladeacordeon.com.br\/blog\/wp-content\/uploads\/2022\/11\/logo_apaixonados_fundo_branco_v1-scaled.jpg\",\"contentUrl\":\"https:\/\/auladeacordeon.com.br\/blog\/wp-content\/uploads\/2022\/11\/logo_apaixonados_fundo_branco_v1-scaled.jpg\",\"width\":2560,\"height\":2560,\"caption\":\"Aula de Acordeon\"},\"image\":{\"@id\":\"http:\/\/auladeacordeon.com.br\/blog\/#\/schema\/logo\/image\/\"}},{\"@type\":\"Person\",\"@id\":\"http:\/\/auladeacordeon.com.br\/blog\/#\/schema\/person\/467a9b06e52798baad43b1de0999b9ab\",\"name\":\"Rafael Vanazzi\",\"image\":{\"@type\":\"ImageObject\",\"inLanguage\":\"pt-BR\",\"@id\":\"http:\/\/auladeacordeon.com.br\/blog\/#\/schema\/person\/image\/\",\"url\":\"https:\/\/secure.gravatar.com\/avatar\/24338e003fcb85f1ad671316fa68dc1d?s=96&d=mm&r=g\",\"contentUrl\":\"https:\/\/secure.gravatar.com\/avatar\/24338e003fcb85f1ad671316fa68dc1d?s=96&d=mm&r=g\",\"caption\":\"Rafael Vanazzi\"},\"url\":\"https:\/\/auladeacordeon.com.br\/blog\/author\/rafael\/\"}]}<\/script>\n<!-- \/ Yoast SEO Premium plugin. -->","yoast_head_json":{"title":"A hist\u00f3ria do acordeon no Brasil e seus estilos musicais - Aula de Acordeon","description":"As influ\u00eancias culturais do acordeon no Brasil, a hist\u00f3ria do acordeon no Brasil, e os estilos musicais do acordeon no Brasil.","robots":{"index":"index","follow":"follow","max-snippet":"max-snippet:-1","max-image-preview":"max-image-preview:large","max-video-preview":"max-video-preview:-1"},"canonical":"https:\/\/auladeacordeon.com.br\/blog\/a-historia-do-acordeon-no-brasil-e-seus-estilos-musicais\/","og_locale":"pt_BR","og_type":"article","og_title":"A hist\u00f3ria do acordeon no Brasil e seus estilos musicais","og_description":"As influ\u00eancias culturais do acordeon no Brasil, a hist\u00f3ria do acordeon no Brasil, e os estilos musicais do acordeon no Brasil.","og_url":"https:\/\/auladeacordeon.com.br\/blog\/a-historia-do-acordeon-no-brasil-e-seus-estilos-musicais\/","og_site_name":"Aula de Acordeon","article_published_time":"2023-03-06T12:48:03+00:00","og_image":[{"width":1080,"height":1080,"url":"https:\/\/auladeacordeon.com.br\/blog\/wp-content\/uploads\/2023\/03\/Fotos-para-BLOG.png","type":"image\/png"}],"author":"Rafael Vanazzi","twitter_card":"summary_large_image","twitter_misc":{"Escrito por":"Rafael Vanazzi","Est. tempo de leitura":"3 minutos"},"schema":{"@context":"https:\/\/schema.org","@graph":[{"@type":"Article","@id":"https:\/\/auladeacordeon.com.br\/blog\/a-historia-do-acordeon-no-brasil-e-seus-estilos-musicais\/#article","isPartOf":{"@id":"https:\/\/auladeacordeon.com.br\/blog\/a-historia-do-acordeon-no-brasil-e-seus-estilos-musicais\/"},"author":{"name":"Rafael Vanazzi","@id":"http:\/\/auladeacordeon.com.br\/blog\/#\/schema\/person\/467a9b06e52798baad43b1de0999b9ab"},"headline":"A hist\u00f3ria do acordeon no Brasil e seus estilos musicais","datePublished":"2023-03-06T12:48:03+00:00","dateModified":"2023-03-06T12:48:03+00:00","mainEntityOfPage":{"@id":"https:\/\/auladeacordeon.com.br\/blog\/a-historia-do-acordeon-no-brasil-e-seus-estilos-musicais\/"},"wordCount":446,"commentCount":0,"publisher":{"@id":"http:\/\/auladeacordeon.com.br\/blog\/#organization"},"articleSection":["Artigos"],"inLanguage":"pt-BR","potentialAction":[{"@type":"CommentAction","name":"Comment","target":["https:\/\/auladeacordeon.com.br\/blog\/a-historia-do-acordeon-no-brasil-e-seus-estilos-musicais\/#respond"]}]},{"@type":"WebPage","@id":"https:\/\/auladeacordeon.com.br\/blog\/a-historia-do-acordeon-no-brasil-e-seus-estilos-musicais\/","url":"https:\/\/auladeacordeon.com.br\/blog\/a-historia-do-acordeon-no-brasil-e-seus-estilos-musicais\/","name":"A hist\u00f3ria do acordeon no Brasil e seus estilos musicais - Aula de Acordeon","isPartOf":{"@id":"http:\/\/auladeacordeon.com.br\/blog\/#website"},"datePublished":"2023-03-06T12:48:03+00:00","dateModified":"2023-03-06T12:48:03+00:00","description":"As influ\u00eancias culturais do acordeon no Brasil, a hist\u00f3ria do acordeon no Brasil, e os estilos musicais do acordeon no Brasil.","breadcrumb":{"@id":"https:\/\/auladeacordeon.com.br\/blog\/a-historia-do-acordeon-no-brasil-e-seus-estilos-musicais\/#breadcrumb"},"inLanguage":"pt-BR","potentialAction":[{"@type":"ReadAction","target":["https:\/\/auladeacordeon.com.br\/blog\/a-historia-do-acordeon-no-brasil-e-seus-estilos-musicais\/"]}]},{"@type":"BreadcrumbList","@id":"https:\/\/auladeacordeon.com.br\/blog\/a-historia-do-acordeon-no-brasil-e-seus-estilos-musicais\/#breadcrumb","itemListElement":[{"@type":"ListItem","position":1,"name":"Home","item":"http:\/\/auladeacordeon.com.br\/blog\/"},{"@type":"ListItem","position":2,"name":"A hist\u00f3ria do acordeon no Brasil e seus estilos musicais"}]},{"@type":"WebSite","@id":"http:\/\/auladeacordeon.com.br\/blog\/#website","url":"http:\/\/auladeacordeon.com.br\/blog\/","name":"Aula de Acordeon","description":"Blog","publisher":{"@id":"http:\/\/auladeacordeon.com.br\/blog\/#organization"},"alternateName":"Artigos e textos para quem ama acordeon","potentialAction":[{"@type":"SearchAction","target":{"@type":"EntryPoint","urlTemplate":"http:\/\/auladeacordeon.com.br\/blog\/?s={search_term_string}"},"query-input":"required name=search_term_string"}],"inLanguage":"pt-BR"},{"@type":"Organization","@id":"http:\/\/auladeacordeon.com.br\/blog\/#organization","name":"Aula de Acordeon","url":"http:\/\/auladeacordeon.com.br\/blog\/","logo":{"@type":"ImageObject","inLanguage":"pt-BR","@id":"http:\/\/auladeacordeon.com.br\/blog\/#\/schema\/logo\/image\/","url":"https:\/\/auladeacordeon.com.br\/blog\/wp-content\/uploads\/2022\/11\/logo_apaixonados_fundo_branco_v1-scaled.jpg","contentUrl":"https:\/\/auladeacordeon.com.br\/blog\/wp-content\/uploads\/2022\/11\/logo_apaixonados_fundo_branco_v1-scaled.jpg","width":2560,"height":2560,"caption":"Aula de Acordeon"},"image":{"@id":"http:\/\/auladeacordeon.com.br\/blog\/#\/schema\/logo\/image\/"}},{"@type":"Person","@id":"http:\/\/auladeacordeon.com.br\/blog\/#\/schema\/person\/467a9b06e52798baad43b1de0999b9ab","name":"Rafael Vanazzi","image":{"@type":"ImageObject","inLanguage":"pt-BR","@id":"http:\/\/auladeacordeon.com.br\/blog\/#\/schema\/person\/image\/","url":"https:\/\/secure.gravatar.com\/avatar\/24338e003fcb85f1ad671316fa68dc1d?s=96&d=mm&r=g","contentUrl":"https:\/\/secure.gravatar.com\/avatar\/24338e003fcb85f1ad671316fa68dc1d?s=96&d=mm&r=g","caption":"Rafael Vanazzi"},"url":"https:\/\/auladeacordeon.com.br\/blog\/author\/rafael\/"}]}},"_links":{"self":[{"href":"https:\/\/auladeacordeon.com.br\/blog\/wp-json\/wp\/v2\/posts\/1275"}],"collection":[{"href":"https:\/\/auladeacordeon.com.br\/blog\/wp-json\/wp\/v2\/posts"}],"about":[{"href":"https:\/\/auladeacordeon.com.br\/blog\/wp-json\/wp\/v2\/types\/post"}],"author":[{"embeddable":true,"href":"https:\/\/auladeacordeon.com.br\/blog\/wp-json\/wp\/v2\/users\/5"}],"replies":[{"embeddable":true,"href":"https:\/\/auladeacordeon.com.br\/blog\/wp-json\/wp\/v2\/comments?post=1275"}],"version-history":[{"count":0,"href":"https:\/\/auladeacordeon.com.br\/blog\/wp-json\/wp\/v2\/posts\/1275\/revisions"}],"wp:featuredmedia":[{"embeddable":true,"href":"https:\/\/auladeacordeon.com.br\/blog\/wp-json\/wp\/v2\/media\/1279"}],"wp:attachment":[{"href":"https:\/\/auladeacordeon.com.br\/blog\/wp-json\/wp\/v2\/media?parent=1275"}],"wp:term":[{"taxonomy":"category","embeddable":true,"href":"https:\/\/auladeacordeon.com.br\/blog\/wp-json\/wp\/v2\/categories?post=1275"},{"taxonomy":"post_tag","embeddable":true,"href":"https:\/\/auladeacordeon.com.br\/blog\/wp-json\/wp\/v2\/tags?post=1275"}],"curies":[{"name":"wp","href":"https:\/\/api.w.org\/{rel}","templated":true}]}}