{"id":1318,"date":"2023-03-29T18:42:52","date_gmt":"2023-03-29T18:42:52","guid":{"rendered":"https:\/\/auladeacordeon.com.br\/blog\/?p=1318"},"modified":"2023-04-10T12:53:50","modified_gmt":"2023-04-10T12:53:50","slug":"conheca-os-registros-do-acordeon-segunda-voz-terca-voz-e-quarta-de-voz","status":"publish","type":"post","link":"https:\/\/auladeacordeon.com.br\/blog\/conheca-os-registros-do-acordeon-segunda-voz-terca-voz-e-quarta-de-voz\/","title":{"rendered":"Conhe\u00e7a os registros do acordeon: segunda voz, ter\u00e7a voz e quarta de voz"},"content":{"rendered":"<p><a href=\"https:\/\/www.apaixonadosporacordeon.com.br\/\" target=\"_blank\" rel=\"noopener\"><img class=\"size-full wp-image-1064 aligncenter\" src=\"http:\/\/auladeacordeon.com.br\/blog\/wp-content\/uploads\/2022\/06\/apaixonados-por-acordeon-rafael-vanazzi.jpg\" alt=\"apaixonados-por-acordeon-rafael-vanazzi\" width=\"728\" height=\"90\" \/><\/a><\/p>\n<p>&nbsp;<\/p>\n<h1>Conhe\u00e7a os registros do acordeon: segunda voz, ter\u00e7a voz, quarta de voz e quinta de voz<\/h1>\n<p>Se voc\u00ea j\u00e1 teve a oportunidade de tocar um acordeon, provavelmente j\u00e1 ouviu falar dos registros, que permitem ao instrumentista modificar o timbre e a sonoridade do acordeon. Dentre eles, existem os registros de segunda voz, ter\u00e7a voz e quarta de voz, que podem ser usados em diferentes estilos musicais. Neste artigo, vamos explorar esses registros e como eles afetam a sonoridade do acordeon.<\/p>\n<h2>O que s\u00e3o os registros do acordeon?<\/h2>\n<p>Os registros s\u00e3o bot\u00f5es localizados acima do teclado, e dos baixos, do acordeon que permitem que o instrumentista modifique o som do instrumento. Cada registro ativa diferentes combina\u00e7\u00f5es de vozes ou palhetas dentro do acordeon, alterando o timbre e a sonoridade. Dependendo do modelo do acordeon, pode haver diferentes registros dispon\u00edveis.<\/p>\n<p>Cada registro possui um nome, que podendo ainda variar o seu nome de acordo com o pa\u00eds, marca e etc, no entanto, a resultado do registrado permanece o mesmo. Vamos ver cada uma das vozes, para facilitar o entendimento dos registros.<\/p>\n<h2>Os registros de acordeon segunda voz<\/h2>\n<p>Um acordeon segunda de voz possui duas palhetas dispon\u00edveis para se tocar uma \u00fanica tecla, podendo usar apenas uma das duas palhetas ou usar as duas palhetas em conjunto. Com isso, um acordeon segunda de voz pode ter at\u00e9 3 registros, ou 3 timbres diferentes. No entanto, alguns acordeons segunda voz podem possuir apenas 2 registros, omitindo um desses 3 registros poss\u00edveis.<\/p>\n<p>Veja o desenho dos registros abaixo:<\/p>\n<p><img class=\"alignnone size-medium wp-image-1327\" src=\"http:\/\/auladeacordeon.com.br\/blog\/wp-content\/uploads\/2023\/03\/1-400x400.png\" alt=\"\" width=\"400\" height=\"400\" srcset=\"https:\/\/auladeacordeon.com.br\/blog\/wp-content\/uploads\/2023\/03\/1-400x400.png 400w, https:\/\/auladeacordeon.com.br\/blog\/wp-content\/uploads\/2023\/03\/1-800x800.png 800w, https:\/\/auladeacordeon.com.br\/blog\/wp-content\/uploads\/2023\/03\/1-280x280.png 280w, https:\/\/auladeacordeon.com.br\/blog\/wp-content\/uploads\/2023\/03\/1-768x768.png 768w, https:\/\/auladeacordeon.com.br\/blog\/wp-content\/uploads\/2023\/03\/1.png 1080w\" sizes=\"(max-width: 400px) 100vw, 400px\" \/><\/p>\n<p>Nos desenhos do pr\u00f3prio registro \u00e9 poss\u00edvel compreender se a voz \u00e9 grave, m\u00e9dia, ou aguda, conforme as &#8220;bolinhas&#8221; desenhadas nos espa\u00e7os. Esse desenho \u00e9 comum somente em alguns modelos de acordeon, a maioria apenas consta o nome do registro.<\/p>\n<p>Observe que na segunda de voz temos um registro para cada uma das duas vozes, sendo o Clarinet (clarinete em portugu\u00eas) e o Basson (fagote em portugu\u00eas). Como s\u00e3o apenas duas vozes, s\u00f3 h\u00e1 uma combina\u00e7\u00e3o de vozes poss\u00edvel, que \u00e9 usar as duas ao mesmo tempo.<\/p>\n<p>O registro que usa todas as vozes dispon\u00edveis no acordeon, s\u00e3o normalmente chamados de registro Master. Por isso, o registro Master varia de acordo com as vozes dispon\u00edveis no acordeon, e esse mesmo registro Master do acordeon de segunda de voz (Clarinet+Basson), em acordeon com mais vozes, possui outro nome, se chamando de Bandoneon.<\/p>\n<p>Podemos resumir o desenho acima com a seguinte tabela:<\/p>\n<ul>\n<li>Quando se toca a nota d\u00f3 da oitava 3 do teclado (d\u00f3 mais grave do acordeon) com o registro de <strong>Clarinet<\/strong> acionado, soar\u00e1 a nota d\u00f3 da oitava 3.<\/li>\n<li>Quando se toca a nota d\u00f3 da oitava 3 do teclado (d\u00f3 mais grave do acordeon) com o registro do <strong>Basson<\/strong> acionado, soar\u00e1 a nota d\u00f3 da oitava 2 (mais grave que a tocada).<\/li>\n<li>Quando se toca a nota d\u00f3 da oitava 3 do teclado (d\u00f3 mais grave do acordeon) com o registro de <strong>Master<\/strong> (Bandoneon) acionado, soar\u00e3o as notas d\u00f3 da oitava 2 e da oitava 3 ao mesmo tempo.<\/li>\n<\/ul>\n<p>Nota: considere que a oitava 3 \u00e9 a oitava central do piano, na partitura \u00e9 o d\u00f3 suplementar inferior da pauta com clave de sol. Quanto menor o n\u00famero da oitava, mais grave \u00e9 a nota, quanto maior o numero da oitava, mais agudo \u00e9 a nota.<\/p>\n<h2>Os registros de acordeon ter\u00e7a de voz<\/h2>\n<p>Os acordeons com ter\u00e7a de voz possuem uma segunda palheta na altura m\u00e9dia (Clarinet), repetindo a nota na mesma altura, oitava 3. H\u00e1 outros modelos de aocrdeon com ter\u00e7a de voz chamados de &#8220;oitavado&#8221;, significando que, ao inv\u00e9s de ter um segundo Clarinet, a voz de acr\u00e9scimo \u00e9 o Picollo.<\/p>\n<p>Vamos ver o desenho dos registros, que por ser bem intuitivo, facilita o entendimento:<\/p>\n<p><img class=\"alignnone size-medium wp-image-1328\" src=\"http:\/\/auladeacordeon.com.br\/blog\/wp-content\/uploads\/2023\/03\/2-400x400.png\" alt=\"ter\u00e7a de voz \" width=\"400\" height=\"400\" srcset=\"https:\/\/auladeacordeon.com.br\/blog\/wp-content\/uploads\/2023\/03\/2-400x400.png 400w, https:\/\/auladeacordeon.com.br\/blog\/wp-content\/uploads\/2023\/03\/2-800x800.png 800w, https:\/\/auladeacordeon.com.br\/blog\/wp-content\/uploads\/2023\/03\/2-280x280.png 280w, https:\/\/auladeacordeon.com.br\/blog\/wp-content\/uploads\/2023\/03\/2-768x768.png 768w, https:\/\/auladeacordeon.com.br\/blog\/wp-content\/uploads\/2023\/03\/2.png 1080w\" sizes=\"(max-width: 400px) 100vw, 400px\" \/><\/p>\n<ul>\n<li>Quando se toca a nota d\u00f3 da oitava 3 do teclado (d\u00f3 mais grave do acordeon) com o registro de <strong>Clarinet<\/strong> acionado, soar\u00e1 a nota d\u00f3 da oitava 3.<\/li>\n<li>Quando se toca a nota d\u00f3 da oitava 3 do teclado (d\u00f3 mais grave do acordeon) com o registro do <strong>Basson<\/strong> acionado, soar\u00e1 a nota d\u00f3 da oitava 2 (mais grave que a tocada).<\/li>\n<li>Quando se toca a nota d\u00f3 da oitava 3 do teclado (d\u00f3 mais grave do acordeon) com o registro <strong>Bandoneon<\/strong> acionado, soar\u00e3o as notas d\u00f3 da oitava 2 e da oitava 3 ao mesmo tempo.<\/li>\n<li>Quando se toca a nota d\u00f3 da oitava 3 do teclado (d\u00f3 mais grave do acordeon) com o registro do <strong>Violin<\/strong> acionado, soar\u00e3o duas notas d\u00f3 da oitava 3 juntas (com leve diferen\u00e7a de afina\u00e7\u00e3o).<\/li>\n<li>Quando se toca a nota d\u00f3 da oitava 3 do teclado (d\u00f3 mais grave do acordeon) com o registro do <strong>Master<\/strong> (Accordeon) acionado, soar\u00e3o duas notas d\u00f3 da oitava 3, mais um d\u00f3 da oitava 2.<\/li>\n<\/ul>\n<p>Note que a combina\u00e7\u00e3o de um acordeon segunda de voz continua presente no acordeon com ter\u00e7a de voz, havendo um acr\u00e9scimo do registro do Violin (violino em portugu\u00eas) e do Master, possuindo todas 3 vozes ao mesmo tempo.<\/p>\n<p>O timbre do Violin s\u00e3o duas notas da mesma oitava, no entanto, essa voz extra \u00e9 &#8220;desafinada&#8221; com rela\u00e7\u00e3o ao primeiro Clarinet, de forma a deixar o som com um efeito muito caracter\u00edstico do acordeon que conhecemos, ganhando um efeito de vibra\u00e7\u00e3o, tr\u00eamolo, vibrato, que n\u00e3o existiria se as duas vozes fossem afinadas de forma exatamente igual. H\u00e1 afina\u00e7\u00f5es que essa desafina\u00e7\u00e3o \u00e9 mais pronunciada, o que caracteriza o timbre do acordeon franc\u00eas, ganhando forte efeito de vibrato.<\/p>\n<p>Curiosamente, h\u00e1 tamb\u00e9m acordeon com 3 vozes m\u00e9dias, todas &#8220;desafinadas&#8221; entre si, criando uma forte sensa\u00e7\u00e3o de vibrato, tornando um timbre bem particular e que foi muito usado em m\u00fasica do sul do Brasil, como pelo &#8220;Porca V\u00e9ia&#8221;.<\/p>\n<p>Por sua vez, o master do acordeon com ter\u00e7a de voz ganha um corpo sonoro mais presente do que o acordeon com segunda de voz.<\/p>\n<h2>Os registros de acordeon ter\u00e7a de voz oitavado<\/h2>\n<p>J\u00e1 acordeon com ter\u00e7a de voz oitavada perde a voz do Violin e essse vibrato caracter\u00edstico, que remete a um timbre de acordeon mais popular, mas ganha outros registros. Veja:<\/p>\n<p><img class=\"alignnone size-medium wp-image-1329\" src=\"http:\/\/auladeacordeon.com.br\/blog\/wp-content\/uploads\/2023\/03\/3-400x400.png\" alt=\"ter\u00e7a de voz oitavada\" width=\"400\" height=\"400\" srcset=\"https:\/\/auladeacordeon.com.br\/blog\/wp-content\/uploads\/2023\/03\/3-400x400.png 400w, https:\/\/auladeacordeon.com.br\/blog\/wp-content\/uploads\/2023\/03\/3-800x800.png 800w, https:\/\/auladeacordeon.com.br\/blog\/wp-content\/uploads\/2023\/03\/3-280x280.png 280w, https:\/\/auladeacordeon.com.br\/blog\/wp-content\/uploads\/2023\/03\/3-768x768.png 768w, https:\/\/auladeacordeon.com.br\/blog\/wp-content\/uploads\/2023\/03\/3.png 1080w\" sizes=\"(max-width: 400px) 100vw, 400px\" \/><\/p>\n<p>Note que, enquanto o acordeon ter\u00e7a de voz possui 5 registros, o ter\u00e7a de voz oitavada possui 7 registros.<\/p>\n<p>O ter\u00e7a de voz oitavado perde o timbre cl\u00e1ssico do Violin, mas ganha outros mais requintados, que tornam a sonoridade mais &#8220;erudita&#8221;, mais pr\u00f3xima do som de \u00f3rg\u00e3o.<\/p>\n<p>Temos:<\/p>\n<ul>\n<li>Quando se toca a nota d\u00f3 da oitava 3 do teclado (d\u00f3 mais grave do acordeon) com o registro de <strong>Clarinet<\/strong> acionado, soar\u00e1 a nota d\u00f3 da oitava 3.<\/li>\n<li>Quando se toca a nota d\u00f3 da oitava 3 do teclado (d\u00f3 mais grave do acordeon) com o registro do <strong>Basson<\/strong> acionado, soar\u00e1 a nota d\u00f3 da oitava 2 (mais grave que a tocada).<\/li>\n<li>Quando se toca a nota d\u00f3 da oitava 3 do teclado (d\u00f3 mais grave do acordeon) com o registro do <strong>Piccolo<\/strong> acionado, soar\u00e1 a nota d\u00f3 da oitava 4 (mais grave que a tocada).<\/li>\n<li>Quando se toca a nota d\u00f3 da oitava 3 do teclado (d\u00f3 mais grave do acordeon) com o registro <strong>Bandoneon<\/strong> acionado, soar\u00e3o as notas d\u00f3 da oitava 2 e da oitava 3 ao mesmo tempo.<\/li>\n<li>Quando se toca a nota d\u00f3 da oitava 3 do teclado (d\u00f3 mais grave do acordeon) com o registro do <strong>Oboe<\/strong> acionado, soar\u00e3o um d\u00f3 da oitava 3 e outro da oitava 4 ao mesmo tempo.<\/li>\n<li>Quando se toca a nota d\u00f3 da oitava 3 do teclado (d\u00f3 mais grave do acordeon) com o registro do <strong>Organ<\/strong> acionado, soar\u00e3o um d\u00f3 da oitava 2 e outro da oitava 4 ao mesmo tempo.<\/li>\n<li>Quando se toca a nota d\u00f3 da oitava 3 do teclado (d\u00f3 mais grave do acordeon) com o registro do <strong>Master<\/strong> (Armonium) acionado, soar\u00e3o tr\u00eas notas d\u00f3 da oitava 2, 3 e 4 ao mesmo tempo.<\/li>\n<\/ul>\n<p>Aqui se ganha o registro de Organ (\u00f3rg\u00e3o em portugu\u00eas), que traz um brilho muito elegante para a sonoridade do instrumento, dando a sensa\u00e7\u00e3o de que o timbre combina mais com m\u00fasicas eruditas, ou estilos onde o desenho mel\u00f3dico possui um \u00eanfase din\u00e2mica mais trabalhada.<\/p>\n<p>&nbsp;<\/p>\n<h2>Os registros de acordeon quarta de voz<\/h2>\n<p>Podemos considerar que o acordeon com quarta de voz \u00e9 a jun\u00e7\u00e3o dos dois tipos ter\u00e7a de voz vistos acima, j\u00e1 que estamos apresentando as vozes a partir do acordeon segunda de voz, com novos timbres.<\/p>\n<p>Vamos separar mais os timbres para ficar ais f\u00e1cil a visualiza\u00e7\u00e3o.<\/p>\n<h4>Vozes solo:<\/h4>\n<p><img class=\"alignnone size-medium wp-image-1330\" src=\"http:\/\/auladeacordeon.com.br\/blog\/wp-content\/uploads\/2023\/03\/4-400x400.png\" alt=\"\" width=\"400\" height=\"400\" srcset=\"https:\/\/auladeacordeon.com.br\/blog\/wp-content\/uploads\/2023\/03\/4-400x400.png 400w, https:\/\/auladeacordeon.com.br\/blog\/wp-content\/uploads\/2023\/03\/4-800x800.png 800w, https:\/\/auladeacordeon.com.br\/blog\/wp-content\/uploads\/2023\/03\/4-280x280.png 280w, https:\/\/auladeacordeon.com.br\/blog\/wp-content\/uploads\/2023\/03\/4-768x768.png 768w, https:\/\/auladeacordeon.com.br\/blog\/wp-content\/uploads\/2023\/03\/4.png 1080w\" sizes=\"(max-width: 400px) 100vw, 400px\" \/><\/p>\n<p>Em alguns acordeon, pode haver dois Clarinet, considerando que um deles estar\u00e1 com a castela das palhetas\/vozes posicionadas dentro do fole, o que \u00e9 chamado de resson\u00e2ncia. Dessa forma, ter\u00edamos ainda dispon\u00edvel o Clarinet ressonante e o Clarinet sem resson\u00e2ncia. S\u00e3o raros os acordeons com esses dois registros distintos, n\u00e3o havendo nomes para diferenci\u00e1-los.<\/p>\n<h4>Vozes duplas:<\/h4>\n<p><img class=\"alignnone size-medium wp-image-1331\" src=\"http:\/\/auladeacordeon.com.br\/blog\/wp-content\/uploads\/2023\/03\/5-400x400.png\" alt=\"\" width=\"400\" height=\"400\" srcset=\"https:\/\/auladeacordeon.com.br\/blog\/wp-content\/uploads\/2023\/03\/5-400x400.png 400w, https:\/\/auladeacordeon.com.br\/blog\/wp-content\/uploads\/2023\/03\/5-800x800.png 800w, https:\/\/auladeacordeon.com.br\/blog\/wp-content\/uploads\/2023\/03\/5-280x280.png 280w, https:\/\/auladeacordeon.com.br\/blog\/wp-content\/uploads\/2023\/03\/5-768x768.png 768w, https:\/\/auladeacordeon.com.br\/blog\/wp-content\/uploads\/2023\/03\/5.png 1080w\" sizes=\"(max-width: 400px) 100vw, 400px\" \/><\/p>\n<p>Aqui vemos o Violin e o Organ presentes, que s\u00e3o dois timbres dos mais preferidos pelos acordeonistas presentes no mesmo instrumento. Esses timbres est\u00e3o presentes no acordeon com ter\u00e7a de voz, mas em separado nos modelos com ou sem o piccolo (oitavado), como vimos anteriormente.<\/p>\n<h4>Vozes triplas:<\/h4>\n<p><img class=\"alignnone size-medium wp-image-1332\" src=\"http:\/\/auladeacordeon.com.br\/blog\/wp-content\/uploads\/2023\/03\/6-400x400.png\" alt=\"\" width=\"400\" height=\"400\" srcset=\"https:\/\/auladeacordeon.com.br\/blog\/wp-content\/uploads\/2023\/03\/6-400x400.png 400w, https:\/\/auladeacordeon.com.br\/blog\/wp-content\/uploads\/2023\/03\/6-800x800.png 800w, https:\/\/auladeacordeon.com.br\/blog\/wp-content\/uploads\/2023\/03\/6-280x280.png 280w, https:\/\/auladeacordeon.com.br\/blog\/wp-content\/uploads\/2023\/03\/6-768x768.png 768w, https:\/\/auladeacordeon.com.br\/blog\/wp-content\/uploads\/2023\/03\/6.png 1080w\" sizes=\"(max-width: 400px) 100vw, 400px\" \/><\/p>\n<p>Aqui temos o timbre Master dos acordeons com ter\u00e7a de voz, com e sem o piccolo (oitavado) e um novo timbre foi poss\u00edvel, o Musette.<\/p>\n<h4>Voz qu\u00e1drupla:<\/h4>\n<p>&nbsp;<\/p>\n<p><img class=\"alignnone size-medium wp-image-1333\" src=\"http:\/\/auladeacordeon.com.br\/blog\/wp-content\/uploads\/2023\/03\/7-400x400.png\" alt=\"\" width=\"400\" height=\"400\" srcset=\"https:\/\/auladeacordeon.com.br\/blog\/wp-content\/uploads\/2023\/03\/7-400x400.png 400w, https:\/\/auladeacordeon.com.br\/blog\/wp-content\/uploads\/2023\/03\/7-800x800.png 800w, https:\/\/auladeacordeon.com.br\/blog\/wp-content\/uploads\/2023\/03\/7-280x280.png 280w, https:\/\/auladeacordeon.com.br\/blog\/wp-content\/uploads\/2023\/03\/7-768x768.png 768w, https:\/\/auladeacordeon.com.br\/blog\/wp-content\/uploads\/2023\/03\/7.png 1080w\" sizes=\"(max-width: 400px) 100vw, 400px\" \/><\/p>\n<p>O Master do acordeon com quarta de voz \u00e9 bem completo, possuindo as quatro vozes ao mesmo tempo, trazendo um rico colorido para o acordeon. Com ele, uma \u00fanica nota tocada nas teclas soam 4 palhetas.<\/p>\n<p>Temos:<\/p>\n<ul>\n<li>Quando se toca a nota d\u00f3 da oitava 3 do teclado (d\u00f3 mais grave do acordeon) com o registro de <strong>Clarinet<\/strong> acionado, soar\u00e1 a nota d\u00f3 da oitava 3.<\/li>\n<li>Quando se toca a nota d\u00f3 da oitava 3 do teclado (d\u00f3 mais grave do acordeon) com o registro do <strong>Basson<\/strong> acionado, soar\u00e1 a nota d\u00f3 da oitava 2 (mais grave que a tocada).<\/li>\n<li>Quando se toca a nota d\u00f3 da oitava 3 do teclado (d\u00f3 mais grave do acordeon) com o registro do <strong>Piccolo<\/strong> acionado, soar\u00e1 a nota d\u00f3 da oitava 4 (mais grave que a tocada).<\/li>\n<li>Quando se toca a nota d\u00f3 da oitava 3 do teclado (d\u00f3 mais grave do acordeon) com o registro <strong>Bandoneon<\/strong> acionado, soar\u00e3o as notas d\u00f3 da oitava 2 e da oitava 3 ao mesmo tempo.<\/li>\n<li>Quando se toca a nota d\u00f3 da oitava 3 do teclado (d\u00f3 mais grave do acordeon) com o registro do <strong>Oboe<\/strong> acionado, soar\u00e3o um d\u00f3 da oitava 3 e outro da oitava 4 ao mesmo tempo.<\/li>\n<li>Quando se toca a nota d\u00f3 da oitava 3 do teclado (d\u00f3 mais grave do acordeon) com o registro do <strong>Organ<\/strong> acionado, soar\u00e3o um d\u00f3 da oitava 2 e outro da oitava 4 ao mesmo tempo.<\/li>\n<li>Quando se toca a nota d\u00f3 da oitava 3 do teclado (d\u00f3 mais grave do acordeon) com o registro do <strong>Violin<\/strong> acionado, soar\u00e3o duas notas d\u00f3 da oitava 3 juntas (com leve diferen\u00e7a de afina\u00e7\u00e3o).<\/li>\n<li>Quando se toca a nota d\u00f3 da oitava 3 do teclado (d\u00f3 mais grave do acordeon) com o registro do <strong>Armonium<\/strong> acionado, soar\u00e3o tr\u00eas notas d\u00f3 da oitava 2, 3 e 4 ao mesmo tempo.<\/li>\n<li>Quando se toca a nota d\u00f3 da oitava 3 do teclado (d\u00f3 mais grave do acordeon) com o registro do <strong>Accordeon<\/strong> acionado, soar\u00e3o tr\u00eas notas d\u00f3 da oitava 3, mais um d\u00f3 da oitava 2.<\/li>\n<li>Quando se toca a nota d\u00f3 da oitava 3 do teclado (d\u00f3 mais grave do acordeon) com o registro do <strong>Musette<\/strong> acionado, soar\u00e3o tr\u00eas notas d\u00f3 da oitava 3, mais um d\u00f3 da oitava 4.<\/li>\n<li>Quando se toca a nota d\u00f3 da oitava 3 do teclado (d\u00f3 mais grave do acordeon) com o registro do <strong>Master<\/strong> acionado, soar\u00e3o quatro notas d\u00f3 da oitava 2, dois da oitava 3 e mais um d\u00f3 da oitava 4.<\/li>\n<\/ul>\n<p>S\u00e3o 11 diferentes registros dispon\u00edveis.<\/p>\n<h2>Como utilizar os registros de acordeon?<\/h2>\n<p>A utiliza\u00e7\u00e3o dos registros de acordeon \u00e9 uma das principais habilidades que um acordeonista deve desenvolver. A escolha do registro certo \u00e9 essencial para a execu\u00e7\u00e3o de uma m\u00fasica de forma adequada, e pode fazer toda a diferen\u00e7a na qualidade do som produzido. Para utilizar os registros de acordeon de forma adequada, \u00e9 importante conhecer as caracter\u00edsticas sonoras de cada um deles, e praticar muito para desenvolver a habilidade de transi\u00e7\u00e3o entre eles.<\/p>\n<h2>Conclus\u00e3o<\/h2>\n<p>Em conclus\u00e3o, os registros do acordeon s\u00e3o uma das caracter\u00edsticas mais importantes desse instrumento musical t\u00e3o presente na cultura brasileira e mundial. Atrav\u00e9s do uso dos registros de segunda voz, ter\u00e7a de voz e quarta de voz, \u00e9 poss\u00edvel criar diferentes sonoridades e estilos musicais, enriquecendo ainda mais a versatilidade do acordeon.<\/p>\n<p>\u00c9 importante destacar que a explora\u00e7\u00e3o desses registros exige estudo e pr\u00e1tica, para que o m\u00fasico possa utiliz\u00e1-los com precis\u00e3o e harmonia. Al\u00e9m disso, \u00e9 necess\u00e1rio escolher um acordeon de qualidade, que possua bons registros e permita uma boa sonoridade.<\/p>\n<p>Por fim, os registros do acordeon s\u00e3o um exemplo da riqueza e diversidade da m\u00fasica, possibilitando a cria\u00e7\u00e3o de diferentes estilos e ritmos musicais. Atrav\u00e9s deles, o acordeon se torna um instrumento ainda mais fascinante e admirado por m\u00fasicos e ouvintes em todo o mundo.<\/p>\n<p><a href=\"https:\/\/www.apaixonadosporacordeon.com.br\/\" target=\"_blank\" rel=\"noopener\"><img class=\"size-full wp-image-1064 aligncenter\" src=\"http:\/\/auladeacordeon.com.br\/blog\/wp-content\/uploads\/2022\/06\/apaixonados-por-acordeon-rafael-vanazzi.jpg\" alt=\"apaixonados-por-acordeon-rafael-vanazzi\" width=\"728\" height=\"90\" \/><\/a><\/p>\n<p>&nbsp;<\/p>\n","protected":false},"excerpt":{"rendered":"<p>&nbsp; Conhe\u00e7a os registros do acordeon: segunda voz, ter\u00e7a voz, quarta de voz e quinta de voz Se voc\u00ea j\u00e1 teve a oportunidade de tocar um acordeon, provavelmente j\u00e1 ouviu falar dos registros, que permitem ao instrumentista modificar o timbre e a sonoridade do acordeon. Dentre eles, existem os registros de segunda voz, ter\u00e7a voz[&#8230;]\n","protected":false},"author":5,"featured_media":1340,"comment_status":"open","ping_status":"open","sticky":false,"template":"","format":"standard","meta":[],"categories":[4],"tags":[],"yoast_head":"<!-- This site is optimized with the Yoast SEO Premium plugin v18.0 (Yoast SEO v19.10) - https:\/\/yoast.com\/wordpress\/plugins\/seo\/ -->\n<title>Conhe\u00e7a os registros do acordeon: segunda voz, ter\u00e7a voz e quarta de voz - Aula de Acordeon<\/title>\n<meta name=\"robots\" content=\"index, follow, max-snippet:-1, max-image-preview:large, max-video-preview:-1\" \/>\n<link rel=\"canonical\" href=\"http:\/\/auladeacordeon.com.br\/blog\/conheca-os-registros-do-acordeon-segunda-voz-terca-voz-e-quarta-de-voz\/\" \/>\n<meta property=\"og:locale\" content=\"pt_BR\" \/>\n<meta property=\"og:type\" content=\"article\" \/>\n<meta property=\"og:title\" content=\"Conhe\u00e7a os registros do acordeon: segunda voz, ter\u00e7a voz e quarta de voz\" \/>\n<meta property=\"og:description\" content=\"&nbsp; Conhe\u00e7a os registros do acordeon: segunda voz, ter\u00e7a voz, quarta de voz e quinta de voz Se voc\u00ea j\u00e1 teve a oportunidade de tocar um acordeon, provavelmente j\u00e1 ouviu falar dos registros, que permitem ao instrumentista modificar o timbre e a sonoridade do acordeon. Dentre eles, existem os registros de segunda voz, ter\u00e7a voz[...]\" \/>\n<meta property=\"og:url\" content=\"http:\/\/auladeacordeon.com.br\/blog\/conheca-os-registros-do-acordeon-segunda-voz-terca-voz-e-quarta-de-voz\/\" \/>\n<meta property=\"og:site_name\" content=\"Aula de Acordeon\" \/>\n<meta property=\"article:published_time\" content=\"2023-03-29T18:42:52+00:00\" \/>\n<meta property=\"article:modified_time\" content=\"2023-04-10T12:53:50+00:00\" \/>\n<meta property=\"og:image\" content=\"http:\/\/auladeacordeon.com.br\/blog\/wp-content\/uploads\/2023\/03\/CC17134-scaled.jpg\" \/>\n\t<meta property=\"og:image:width\" content=\"2560\" \/>\n\t<meta property=\"og:image:height\" content=\"1707\" \/>\n\t<meta property=\"og:image:type\" content=\"image\/jpeg\" \/>\n<meta name=\"author\" content=\"Rafael Vanazzi\" \/>\n<meta name=\"twitter:card\" content=\"summary_large_image\" \/>\n<meta name=\"twitter:label1\" content=\"Escrito por\" \/>\n\t<meta name=\"twitter:data1\" content=\"Rafael Vanazzi\" \/>\n\t<meta name=\"twitter:label2\" content=\"Est. tempo de leitura\" \/>\n\t<meta name=\"twitter:data2\" content=\"14 minutos\" \/>\n<script type=\"application\/ld+json\" class=\"yoast-schema-graph\">{\"@context\":\"https:\/\/schema.org\",\"@graph\":[{\"@type\":\"Article\",\"@id\":\"http:\/\/auladeacordeon.com.br\/blog\/conheca-os-registros-do-acordeon-segunda-voz-terca-voz-e-quarta-de-voz\/#article\",\"isPartOf\":{\"@id\":\"http:\/\/auladeacordeon.com.br\/blog\/conheca-os-registros-do-acordeon-segunda-voz-terca-voz-e-quarta-de-voz\/\"},\"author\":{\"name\":\"Rafael Vanazzi\",\"@id\":\"https:\/\/auladeacordeon.com.br\/blog\/#\/schema\/person\/467a9b06e52798baad43b1de0999b9ab\"},\"headline\":\"Conhe\u00e7a os registros do acordeon: segunda voz, ter\u00e7a voz e quarta de voz\",\"datePublished\":\"2023-03-29T18:42:52+00:00\",\"dateModified\":\"2023-04-10T12:53:50+00:00\",\"mainEntityOfPage\":{\"@id\":\"http:\/\/auladeacordeon.com.br\/blog\/conheca-os-registros-do-acordeon-segunda-voz-terca-voz-e-quarta-de-voz\/\"},\"wordCount\":2222,\"commentCount\":9,\"publisher\":{\"@id\":\"https:\/\/auladeacordeon.com.br\/blog\/#organization\"},\"articleSection\":[\"Artigos\"],\"inLanguage\":\"pt-BR\",\"potentialAction\":[{\"@type\":\"CommentAction\",\"name\":\"Comment\",\"target\":[\"http:\/\/auladeacordeon.com.br\/blog\/conheca-os-registros-do-acordeon-segunda-voz-terca-voz-e-quarta-de-voz\/#respond\"]}]},{\"@type\":\"WebPage\",\"@id\":\"http:\/\/auladeacordeon.com.br\/blog\/conheca-os-registros-do-acordeon-segunda-voz-terca-voz-e-quarta-de-voz\/\",\"url\":\"http:\/\/auladeacordeon.com.br\/blog\/conheca-os-registros-do-acordeon-segunda-voz-terca-voz-e-quarta-de-voz\/\",\"name\":\"Conhe\u00e7a os registros do acordeon: segunda voz, ter\u00e7a voz e quarta de voz - Aula de Acordeon\",\"isPartOf\":{\"@id\":\"https:\/\/auladeacordeon.com.br\/blog\/#website\"},\"datePublished\":\"2023-03-29T18:42:52+00:00\",\"dateModified\":\"2023-04-10T12:53:50+00:00\",\"breadcrumb\":{\"@id\":\"http:\/\/auladeacordeon.com.br\/blog\/conheca-os-registros-do-acordeon-segunda-voz-terca-voz-e-quarta-de-voz\/#breadcrumb\"},\"inLanguage\":\"pt-BR\",\"potentialAction\":[{\"@type\":\"ReadAction\",\"target\":[\"http:\/\/auladeacordeon.com.br\/blog\/conheca-os-registros-do-acordeon-segunda-voz-terca-voz-e-quarta-de-voz\/\"]}]},{\"@type\":\"BreadcrumbList\",\"@id\":\"http:\/\/auladeacordeon.com.br\/blog\/conheca-os-registros-do-acordeon-segunda-voz-terca-voz-e-quarta-de-voz\/#breadcrumb\",\"itemListElement\":[{\"@type\":\"ListItem\",\"position\":1,\"name\":\"Home\",\"item\":\"https:\/\/auladeacordeon.com.br\/blog\/\"},{\"@type\":\"ListItem\",\"position\":2,\"name\":\"Conhe\u00e7a os registros do acordeon: segunda voz, ter\u00e7a voz e quarta de voz\"}]},{\"@type\":\"WebSite\",\"@id\":\"https:\/\/auladeacordeon.com.br\/blog\/#website\",\"url\":\"https:\/\/auladeacordeon.com.br\/blog\/\",\"name\":\"Aula de Acordeon\",\"description\":\"Blog\",\"publisher\":{\"@id\":\"https:\/\/auladeacordeon.com.br\/blog\/#organization\"},\"alternateName\":\"Artigos e textos para quem ama acordeon\",\"potentialAction\":[{\"@type\":\"SearchAction\",\"target\":{\"@type\":\"EntryPoint\",\"urlTemplate\":\"https:\/\/auladeacordeon.com.br\/blog\/?s={search_term_string}\"},\"query-input\":\"required name=search_term_string\"}],\"inLanguage\":\"pt-BR\"},{\"@type\":\"Organization\",\"@id\":\"https:\/\/auladeacordeon.com.br\/blog\/#organization\",\"name\":\"Aula de Acordeon\",\"url\":\"https:\/\/auladeacordeon.com.br\/blog\/\",\"logo\":{\"@type\":\"ImageObject\",\"inLanguage\":\"pt-BR\",\"@id\":\"https:\/\/auladeacordeon.com.br\/blog\/#\/schema\/logo\/image\/\",\"url\":\"https:\/\/auladeacordeon.com.br\/blog\/wp-content\/uploads\/2022\/11\/logo_apaixonados_fundo_branco_v1-scaled.jpg\",\"contentUrl\":\"https:\/\/auladeacordeon.com.br\/blog\/wp-content\/uploads\/2022\/11\/logo_apaixonados_fundo_branco_v1-scaled.jpg\",\"width\":2560,\"height\":2560,\"caption\":\"Aula de Acordeon\"},\"image\":{\"@id\":\"https:\/\/auladeacordeon.com.br\/blog\/#\/schema\/logo\/image\/\"}},{\"@type\":\"Person\",\"@id\":\"https:\/\/auladeacordeon.com.br\/blog\/#\/schema\/person\/467a9b06e52798baad43b1de0999b9ab\",\"name\":\"Rafael Vanazzi\",\"image\":{\"@type\":\"ImageObject\",\"inLanguage\":\"pt-BR\",\"@id\":\"https:\/\/auladeacordeon.com.br\/blog\/#\/schema\/person\/image\/\",\"url\":\"https:\/\/secure.gravatar.com\/avatar\/24338e003fcb85f1ad671316fa68dc1d?s=96&d=mm&r=g\",\"contentUrl\":\"https:\/\/secure.gravatar.com\/avatar\/24338e003fcb85f1ad671316fa68dc1d?s=96&d=mm&r=g\",\"caption\":\"Rafael Vanazzi\"},\"url\":\"https:\/\/auladeacordeon.com.br\/blog\/author\/rafael\/\"}]}<\/script>\n<!-- \/ Yoast SEO Premium plugin. -->","yoast_head_json":{"title":"Conhe\u00e7a os registros do acordeon: segunda voz, ter\u00e7a voz e quarta de voz - Aula de Acordeon","robots":{"index":"index","follow":"follow","max-snippet":"max-snippet:-1","max-image-preview":"max-image-preview:large","max-video-preview":"max-video-preview:-1"},"canonical":"http:\/\/auladeacordeon.com.br\/blog\/conheca-os-registros-do-acordeon-segunda-voz-terca-voz-e-quarta-de-voz\/","og_locale":"pt_BR","og_type":"article","og_title":"Conhe\u00e7a os registros do acordeon: segunda voz, ter\u00e7a voz e quarta de voz","og_description":"&nbsp; Conhe\u00e7a os registros do acordeon: segunda voz, ter\u00e7a voz, quarta de voz e quinta de voz Se voc\u00ea j\u00e1 teve a oportunidade de tocar um acordeon, provavelmente j\u00e1 ouviu falar dos registros, que permitem ao instrumentista modificar o timbre e a sonoridade do acordeon. Dentre eles, existem os registros de segunda voz, ter\u00e7a voz[...]","og_url":"http:\/\/auladeacordeon.com.br\/blog\/conheca-os-registros-do-acordeon-segunda-voz-terca-voz-e-quarta-de-voz\/","og_site_name":"Aula de Acordeon","article_published_time":"2023-03-29T18:42:52+00:00","article_modified_time":"2023-04-10T12:53:50+00:00","og_image":[{"width":2560,"height":1707,"url":"http:\/\/auladeacordeon.com.br\/blog\/wp-content\/uploads\/2023\/03\/CC17134-scaled.jpg","type":"image\/jpeg"}],"author":"Rafael Vanazzi","twitter_card":"summary_large_image","twitter_misc":{"Escrito por":"Rafael Vanazzi","Est. tempo de leitura":"14 minutos"},"schema":{"@context":"https:\/\/schema.org","@graph":[{"@type":"Article","@id":"http:\/\/auladeacordeon.com.br\/blog\/conheca-os-registros-do-acordeon-segunda-voz-terca-voz-e-quarta-de-voz\/#article","isPartOf":{"@id":"http:\/\/auladeacordeon.com.br\/blog\/conheca-os-registros-do-acordeon-segunda-voz-terca-voz-e-quarta-de-voz\/"},"author":{"name":"Rafael Vanazzi","@id":"https:\/\/auladeacordeon.com.br\/blog\/#\/schema\/person\/467a9b06e52798baad43b1de0999b9ab"},"headline":"Conhe\u00e7a os registros do acordeon: segunda voz, ter\u00e7a voz e quarta de voz","datePublished":"2023-03-29T18:42:52+00:00","dateModified":"2023-04-10T12:53:50+00:00","mainEntityOfPage":{"@id":"http:\/\/auladeacordeon.com.br\/blog\/conheca-os-registros-do-acordeon-segunda-voz-terca-voz-e-quarta-de-voz\/"},"wordCount":2222,"commentCount":9,"publisher":{"@id":"https:\/\/auladeacordeon.com.br\/blog\/#organization"},"articleSection":["Artigos"],"inLanguage":"pt-BR","potentialAction":[{"@type":"CommentAction","name":"Comment","target":["http:\/\/auladeacordeon.com.br\/blog\/conheca-os-registros-do-acordeon-segunda-voz-terca-voz-e-quarta-de-voz\/#respond"]}]},{"@type":"WebPage","@id":"http:\/\/auladeacordeon.com.br\/blog\/conheca-os-registros-do-acordeon-segunda-voz-terca-voz-e-quarta-de-voz\/","url":"http:\/\/auladeacordeon.com.br\/blog\/conheca-os-registros-do-acordeon-segunda-voz-terca-voz-e-quarta-de-voz\/","name":"Conhe\u00e7a os registros do acordeon: segunda voz, ter\u00e7a voz e quarta de voz - Aula de Acordeon","isPartOf":{"@id":"https:\/\/auladeacordeon.com.br\/blog\/#website"},"datePublished":"2023-03-29T18:42:52+00:00","dateModified":"2023-04-10T12:53:50+00:00","breadcrumb":{"@id":"http:\/\/auladeacordeon.com.br\/blog\/conheca-os-registros-do-acordeon-segunda-voz-terca-voz-e-quarta-de-voz\/#breadcrumb"},"inLanguage":"pt-BR","potentialAction":[{"@type":"ReadAction","target":["http:\/\/auladeacordeon.com.br\/blog\/conheca-os-registros-do-acordeon-segunda-voz-terca-voz-e-quarta-de-voz\/"]}]},{"@type":"BreadcrumbList","@id":"http:\/\/auladeacordeon.com.br\/blog\/conheca-os-registros-do-acordeon-segunda-voz-terca-voz-e-quarta-de-voz\/#breadcrumb","itemListElement":[{"@type":"ListItem","position":1,"name":"Home","item":"https:\/\/auladeacordeon.com.br\/blog\/"},{"@type":"ListItem","position":2,"name":"Conhe\u00e7a os registros do acordeon: segunda voz, ter\u00e7a voz e quarta de voz"}]},{"@type":"WebSite","@id":"https:\/\/auladeacordeon.com.br\/blog\/#website","url":"https:\/\/auladeacordeon.com.br\/blog\/","name":"Aula de Acordeon","description":"Blog","publisher":{"@id":"https:\/\/auladeacordeon.com.br\/blog\/#organization"},"alternateName":"Artigos e textos para quem ama acordeon","potentialAction":[{"@type":"SearchAction","target":{"@type":"EntryPoint","urlTemplate":"https:\/\/auladeacordeon.com.br\/blog\/?s={search_term_string}"},"query-input":"required name=search_term_string"}],"inLanguage":"pt-BR"},{"@type":"Organization","@id":"https:\/\/auladeacordeon.com.br\/blog\/#organization","name":"Aula de Acordeon","url":"https:\/\/auladeacordeon.com.br\/blog\/","logo":{"@type":"ImageObject","inLanguage":"pt-BR","@id":"https:\/\/auladeacordeon.com.br\/blog\/#\/schema\/logo\/image\/","url":"https:\/\/auladeacordeon.com.br\/blog\/wp-content\/uploads\/2022\/11\/logo_apaixonados_fundo_branco_v1-scaled.jpg","contentUrl":"https:\/\/auladeacordeon.com.br\/blog\/wp-content\/uploads\/2022\/11\/logo_apaixonados_fundo_branco_v1-scaled.jpg","width":2560,"height":2560,"caption":"Aula de Acordeon"},"image":{"@id":"https:\/\/auladeacordeon.com.br\/blog\/#\/schema\/logo\/image\/"}},{"@type":"Person","@id":"https:\/\/auladeacordeon.com.br\/blog\/#\/schema\/person\/467a9b06e52798baad43b1de0999b9ab","name":"Rafael Vanazzi","image":{"@type":"ImageObject","inLanguage":"pt-BR","@id":"https:\/\/auladeacordeon.com.br\/blog\/#\/schema\/person\/image\/","url":"https:\/\/secure.gravatar.com\/avatar\/24338e003fcb85f1ad671316fa68dc1d?s=96&d=mm&r=g","contentUrl":"https:\/\/secure.gravatar.com\/avatar\/24338e003fcb85f1ad671316fa68dc1d?s=96&d=mm&r=g","caption":"Rafael Vanazzi"},"url":"https:\/\/auladeacordeon.com.br\/blog\/author\/rafael\/"}]}},"_links":{"self":[{"href":"https:\/\/auladeacordeon.com.br\/blog\/wp-json\/wp\/v2\/posts\/1318"}],"collection":[{"href":"https:\/\/auladeacordeon.com.br\/blog\/wp-json\/wp\/v2\/posts"}],"about":[{"href":"https:\/\/auladeacordeon.com.br\/blog\/wp-json\/wp\/v2\/types\/post"}],"author":[{"embeddable":true,"href":"https:\/\/auladeacordeon.com.br\/blog\/wp-json\/wp\/v2\/users\/5"}],"replies":[{"embeddable":true,"href":"https:\/\/auladeacordeon.com.br\/blog\/wp-json\/wp\/v2\/comments?post=1318"}],"version-history":[{"count":0,"href":"https:\/\/auladeacordeon.com.br\/blog\/wp-json\/wp\/v2\/posts\/1318\/revisions"}],"wp:featuredmedia":[{"embeddable":true,"href":"https:\/\/auladeacordeon.com.br\/blog\/wp-json\/wp\/v2\/media\/1340"}],"wp:attachment":[{"href":"https:\/\/auladeacordeon.com.br\/blog\/wp-json\/wp\/v2\/media?parent=1318"}],"wp:term":[{"taxonomy":"category","embeddable":true,"href":"https:\/\/auladeacordeon.com.br\/blog\/wp-json\/wp\/v2\/categories?post=1318"},{"taxonomy":"post_tag","embeddable":true,"href":"https:\/\/auladeacordeon.com.br\/blog\/wp-json\/wp\/v2\/tags?post=1318"}],"curies":[{"name":"wp","href":"https:\/\/api.w.org\/{rel}","templated":true}]}}