{"id":467,"date":"2021-02-22T16:14:00","date_gmt":"2021-02-22T16:14:00","guid":{"rendered":"http:\/\/auladeacordeon.com.br\/blog\/?p=467"},"modified":"2022-02-22T13:12:20","modified_gmt":"2022-02-22T13:12:20","slug":"em-tres-meses-voce-estara-tocando-musicas-simples-no-acordeon-veja-como","status":"publish","type":"post","link":"https:\/\/auladeacordeon.com.br\/blog\/em-tres-meses-voce-estara-tocando-musicas-simples-no-acordeon-veja-como\/","title":{"rendered":"Em tr\u00eas meses voc\u00ea estar\u00e1 tocando m\u00fasicas simples no acordeon: veja como"},"content":{"rendered":"\n<p>Muitos alunos que tenho hoje chegam para mim e perguntam em quanto tempo eles estar\u00e3o<br>tocando suas m\u00fasicas no acordeon.<\/p>\n\n\n\n<p>Pensando nisso eu decidi propor uma metodologia que os ajudasse a conseguir tocar<br>m\u00fasicas simples em at\u00e9 tr\u00eas meses e \u00e9 sobre isso que eu vim falar aqui nesse artigo.<\/p>\n\n\n\n<p>Desenvolvido para todos os alunos, independente do n\u00edvel em que estejam, seja do<br>totalmente iniciante at\u00e9 aqueles que j\u00e1 dominam t\u00e9cnicas mais complexas, esse m\u00e9todo<br>possibilita que em at\u00e9 tr\u00eas meses voc\u00ea chegue nesse n\u00edvel.<\/p>\n\n\n\n<p>Ao final do curso voc\u00ea poder\u00e1 tocar marchas e valsas, m\u00fasicas com quatro tempos, tern\u00e1rio<br>e quatern\u00e1rio.<\/p>\n\n\n\n<p>Imagine comigo, voc\u00ea que n\u00e3o sabe nada de acordeon, daqui a tr\u00eas meses estar tocando<br>com as duas m\u00e3os juntas. Acha que \u00e9 imposs\u00edvel?<\/p>\n\n\n\n<p>Eu posso dizer que \u00e9 poss\u00edvel sim! Agora pergunto, voc\u00ea aceita esse desafio?<\/p>\n\n\n\n<p>Esse \u00e9 o site do meu curso www.auladearordeon.com.br , entre e d\u00ea uma olhada no curso.<br>Com v\u00e1rias op\u00e7\u00f5es de assinatura, do mensal at\u00e9 o anual, voc\u00ea pode escolher o que melhor<br>se adequa a voc\u00ea de acordo com os seus objetivos pessoais e at\u00e9 onde quer chegar com o<br>acordeon.<\/p>\n\n\n\n<p>Para voc\u00ea que j\u00e1 faz aulas h\u00e1 algum tempo em outro lugar e sente que ainda n\u00e3o evoluiu<br>bastante, o curso \u00e9 \u00f3timo para voc\u00ea revisar conte\u00fados importantes, estruturar melhor o<br>alicerce do seu aprendizado e melhorar o seu desempenho.<\/p>\n\n\n\n<p>No curso eu ensino voc\u00ea a tocar de uma forma progressiva, passando exerc\u00edcios que voc\u00ea<br>seja capaz de realizar, evitando que voc\u00ea se sinta frustrado por n\u00e3o conseguir fazer algo<br>que est\u00e1 al\u00e9m da sua capacidade no momento.<\/p>\n\n\n\n<p>Voc\u00ea tamb\u00e9m vai aprender conceitos essenciais como a pulsa\u00e7\u00e3o regular, coordena\u00e7\u00e3o<br>motora e controle de fole. Compet\u00eancias que voc\u00ea precisa desenvolver para ser capaz de<br>tocar o acordeon.<\/p>\n\n\n\n<p>Ofere\u00e7o 30 dias de garantia para voc\u00ea come\u00e7ar os estudos, ser imerso nesse processo de<br>aprendizado e ver como \u00e9 a metodologia. Se at\u00e9 o fim dos 30 dias voc\u00ea achar que o m\u00e9todo<br>n\u00e3o est\u00e1 te ajudando voc\u00ea pode solicitar o reembolso!<\/p>\n\n\n\n<p>O desafio foi lan\u00e7ado e se voc\u00ea tem esse sonho de tocar acordeon garanto que esse \u00e9 o<br>momento de voc\u00ea por esse sonho em a\u00e7\u00e3o!<\/p>\n\n\n\n<p>Acesse o site, matricule-se j\u00e1.<\/p>\n\n\n\n<p>Aguardo voc\u00ea para iniciarmos sua jornada rumo ao sucesso no acordeon.<\/p>\n","protected":false},"excerpt":{"rendered":"<p>Muitos alunos que tenho hoje chegam para mim e perguntam em quanto tempo eles estar\u00e3otocando suas m\u00fasicas no acordeon. Pensando nisso eu decidi propor uma metodologia que os ajudasse a conseguir tocarm\u00fasicas simples em at\u00e9 tr\u00eas meses e \u00e9 sobre isso que eu vim falar aqui nesse artigo. Desenvolvido para todos os alunos, independente do[&#8230;]\n","protected":false},"author":3,"featured_media":468,"comment_status":"open","ping_status":"open","sticky":true,"template":"","format":"standard","meta":[],"categories":[4],"tags":[],"yoast_head":"<!-- This site is optimized with the Yoast SEO Premium plugin v18.0 (Yoast SEO v19.10) - https:\/\/yoast.com\/wordpress\/plugins\/seo\/ -->\n<title>Em tr\u00eas meses voc\u00ea estar\u00e1 tocando m\u00fasicas simples no acordeon: veja como - Aula de Acordeon<\/title>\n<meta name=\"robots\" content=\"index, follow, max-snippet:-1, max-image-preview:large, max-video-preview:-1\" \/>\n<link rel=\"canonical\" href=\"https:\/\/auladeacordeon.com.br\/blog\/em-tres-meses-voce-estara-tocando-musicas-simples-no-acordeon-veja-como\/\" \/>\n<meta property=\"og:locale\" content=\"pt_BR\" \/>\n<meta property=\"og:type\" content=\"article\" \/>\n<meta property=\"og:title\" content=\"Em tr\u00eas meses voc\u00ea estar\u00e1 tocando m\u00fasicas simples no acordeon: veja como\" \/>\n<meta property=\"og:description\" content=\"Muitos alunos que tenho hoje chegam para mim e perguntam em quanto tempo eles estar\u00e3otocando suas m\u00fasicas no acordeon. Pensando nisso eu decidi propor uma metodologia que os ajudasse a conseguir tocarm\u00fasicas simples em at\u00e9 tr\u00eas meses e \u00e9 sobre isso que eu vim falar aqui nesse artigo. Desenvolvido para todos os alunos, independente do[...]\" \/>\n<meta property=\"og:url\" content=\"https:\/\/auladeacordeon.com.br\/blog\/em-tres-meses-voce-estara-tocando-musicas-simples-no-acordeon-veja-como\/\" \/>\n<meta property=\"og:site_name\" content=\"Aula de Acordeon\" \/>\n<meta property=\"article:author\" content=\"https:\/\/www.facebook.com\/rafaelvanazzi\" \/>\n<meta property=\"article:published_time\" content=\"2021-02-22T16:14:00+00:00\" \/>\n<meta property=\"article:modified_time\" content=\"2022-02-22T13:12:20+00:00\" \/>\n<meta property=\"og:image\" content=\"https:\/\/auladeacordeon.com.br\/blog\/wp-content\/uploads\/2021\/03\/aula-de-acordeon-rafa-vannazi-08.jpg\" \/>\n\t<meta property=\"og:image:width\" content=\"1280\" \/>\n\t<meta property=\"og:image:height\" content=\"720\" \/>\n\t<meta property=\"og:image:type\" content=\"image\/jpeg\" \/>\n<meta name=\"author\" content=\"Rafa Vanazzi\" \/>\n<meta name=\"twitter:card\" content=\"summary_large_image\" \/>\n<meta name=\"twitter:label1\" content=\"Escrito por\" \/>\n\t<meta name=\"twitter:data1\" content=\"Rafa Vanazzi\" \/>\n\t<meta name=\"twitter:label2\" content=\"Est. tempo de leitura\" \/>\n\t<meta name=\"twitter:data2\" content=\"2 minutos\" \/>\n<script type=\"application\/ld+json\" class=\"yoast-schema-graph\">{\"@context\":\"https:\/\/schema.org\",\"@graph\":[{\"@type\":\"Article\",\"@id\":\"https:\/\/auladeacordeon.com.br\/blog\/em-tres-meses-voce-estara-tocando-musicas-simples-no-acordeon-veja-como\/#article\",\"isPartOf\":{\"@id\":\"https:\/\/auladeacordeon.com.br\/blog\/em-tres-meses-voce-estara-tocando-musicas-simples-no-acordeon-veja-como\/\"},\"author\":{\"name\":\"Rafa Vanazzi\",\"@id\":\"http:\/\/auladeacordeon.com.br\/blog\/#\/schema\/person\/d282872940f9be9f1beab48368d5b634\"},\"headline\":\"Em tr\u00eas meses voc\u00ea estar\u00e1 tocando m\u00fasicas simples no acordeon: veja como\",\"datePublished\":\"2021-02-22T16:14:00+00:00\",\"dateModified\":\"2022-02-22T13:12:20+00:00\",\"mainEntityOfPage\":{\"@id\":\"https:\/\/auladeacordeon.com.br\/blog\/em-tres-meses-voce-estara-tocando-musicas-simples-no-acordeon-veja-como\/\"},\"wordCount\":406,\"commentCount\":0,\"publisher\":{\"@id\":\"http:\/\/auladeacordeon.com.br\/blog\/#organization\"},\"articleSection\":[\"Artigos\"],\"inLanguage\":\"pt-BR\",\"potentialAction\":[{\"@type\":\"CommentAction\",\"name\":\"Comment\",\"target\":[\"https:\/\/auladeacordeon.com.br\/blog\/em-tres-meses-voce-estara-tocando-musicas-simples-no-acordeon-veja-como\/#respond\"]}]},{\"@type\":\"WebPage\",\"@id\":\"https:\/\/auladeacordeon.com.br\/blog\/em-tres-meses-voce-estara-tocando-musicas-simples-no-acordeon-veja-como\/\",\"url\":\"https:\/\/auladeacordeon.com.br\/blog\/em-tres-meses-voce-estara-tocando-musicas-simples-no-acordeon-veja-como\/\",\"name\":\"Em tr\u00eas meses voc\u00ea estar\u00e1 tocando m\u00fasicas simples no acordeon: veja como - Aula de Acordeon\",\"isPartOf\":{\"@id\":\"http:\/\/auladeacordeon.com.br\/blog\/#website\"},\"datePublished\":\"2021-02-22T16:14:00+00:00\",\"dateModified\":\"2022-02-22T13:12:20+00:00\",\"breadcrumb\":{\"@id\":\"https:\/\/auladeacordeon.com.br\/blog\/em-tres-meses-voce-estara-tocando-musicas-simples-no-acordeon-veja-como\/#breadcrumb\"},\"inLanguage\":\"pt-BR\",\"potentialAction\":[{\"@type\":\"ReadAction\",\"target\":[\"https:\/\/auladeacordeon.com.br\/blog\/em-tres-meses-voce-estara-tocando-musicas-simples-no-acordeon-veja-como\/\"]}]},{\"@type\":\"BreadcrumbList\",\"@id\":\"https:\/\/auladeacordeon.com.br\/blog\/em-tres-meses-voce-estara-tocando-musicas-simples-no-acordeon-veja-como\/#breadcrumb\",\"itemListElement\":[{\"@type\":\"ListItem\",\"position\":1,\"name\":\"Home\",\"item\":\"http:\/\/auladeacordeon.com.br\/blog\/\"},{\"@type\":\"ListItem\",\"position\":2,\"name\":\"Em tr\u00eas meses voc\u00ea estar\u00e1 tocando m\u00fasicas simples no acordeon: veja como\"}]},{\"@type\":\"WebSite\",\"@id\":\"http:\/\/auladeacordeon.com.br\/blog\/#website\",\"url\":\"http:\/\/auladeacordeon.com.br\/blog\/\",\"name\":\"Aula de Acordeon\",\"description\":\"Blog\",\"publisher\":{\"@id\":\"http:\/\/auladeacordeon.com.br\/blog\/#organization\"},\"alternateName\":\"Artigos e textos para quem ama acordeon\",\"potentialAction\":[{\"@type\":\"SearchAction\",\"target\":{\"@type\":\"EntryPoint\",\"urlTemplate\":\"http:\/\/auladeacordeon.com.br\/blog\/?s={search_term_string}\"},\"query-input\":\"required name=search_term_string\"}],\"inLanguage\":\"pt-BR\"},{\"@type\":\"Organization\",\"@id\":\"http:\/\/auladeacordeon.com.br\/blog\/#organization\",\"name\":\"Aula de Acordeon\",\"url\":\"http:\/\/auladeacordeon.com.br\/blog\/\",\"logo\":{\"@type\":\"ImageObject\",\"inLanguage\":\"pt-BR\",\"@id\":\"http:\/\/auladeacordeon.com.br\/blog\/#\/schema\/logo\/image\/\",\"url\":\"https:\/\/auladeacordeon.com.br\/blog\/wp-content\/uploads\/2022\/11\/logo_apaixonados_fundo_branco_v1-scaled.jpg\",\"contentUrl\":\"https:\/\/auladeacordeon.com.br\/blog\/wp-content\/uploads\/2022\/11\/logo_apaixonados_fundo_branco_v1-scaled.jpg\",\"width\":2560,\"height\":2560,\"caption\":\"Aula de Acordeon\"},\"image\":{\"@id\":\"http:\/\/auladeacordeon.com.br\/blog\/#\/schema\/logo\/image\/\"}},{\"@type\":\"Person\",\"@id\":\"http:\/\/auladeacordeon.com.br\/blog\/#\/schema\/person\/d282872940f9be9f1beab48368d5b634\",\"name\":\"Rafa Vanazzi\",\"image\":{\"@type\":\"ImageObject\",\"inLanguage\":\"pt-BR\",\"@id\":\"http:\/\/auladeacordeon.com.br\/blog\/#\/schema\/person\/image\/\",\"url\":\"https:\/\/secure.gravatar.com\/avatar\/f7b66a4dcfa10cbbc1315a89a8740e02?s=96&d=mm&r=g\",\"contentUrl\":\"https:\/\/secure.gravatar.com\/avatar\/f7b66a4dcfa10cbbc1315a89a8740e02?s=96&d=mm&r=g\",\"caption\":\"Rafa Vanazzi\"},\"description\":\"M\u00fasico com mestrado em Musicografia Braille na UNICAMP, Rafael \u00e9 professor de m\u00fasica com especialidade em acordeon.\",\"sameAs\":[\"https:\/\/www.apaixonadosporacordeon.com.br\/\",\"https:\/\/www.facebook.com\/rafaelvanazzi\",\"https:\/\/www.instagram.com\/apaixonadosporacordeon\/\",\"https:\/\/www.youtube.com\/rafavanazzi\"],\"url\":\"https:\/\/auladeacordeon.com.br\/blog\/author\/rafa\/\"}]}<\/script>\n<!-- \/ Yoast SEO Premium plugin. -->","yoast_head_json":{"title":"Em tr\u00eas meses voc\u00ea estar\u00e1 tocando m\u00fasicas simples no acordeon: veja como - Aula de Acordeon","robots":{"index":"index","follow":"follow","max-snippet":"max-snippet:-1","max-image-preview":"max-image-preview:large","max-video-preview":"max-video-preview:-1"},"canonical":"https:\/\/auladeacordeon.com.br\/blog\/em-tres-meses-voce-estara-tocando-musicas-simples-no-acordeon-veja-como\/","og_locale":"pt_BR","og_type":"article","og_title":"Em tr\u00eas meses voc\u00ea estar\u00e1 tocando m\u00fasicas simples no acordeon: veja como","og_description":"Muitos alunos que tenho hoje chegam para mim e perguntam em quanto tempo eles estar\u00e3otocando suas m\u00fasicas no acordeon. Pensando nisso eu decidi propor uma metodologia que os ajudasse a conseguir tocarm\u00fasicas simples em at\u00e9 tr\u00eas meses e \u00e9 sobre isso que eu vim falar aqui nesse artigo. Desenvolvido para todos os alunos, independente do[...]","og_url":"https:\/\/auladeacordeon.com.br\/blog\/em-tres-meses-voce-estara-tocando-musicas-simples-no-acordeon-veja-como\/","og_site_name":"Aula de Acordeon","article_author":"https:\/\/www.facebook.com\/rafaelvanazzi","article_published_time":"2021-02-22T16:14:00+00:00","article_modified_time":"2022-02-22T13:12:20+00:00","og_image":[{"width":1280,"height":720,"url":"https:\/\/auladeacordeon.com.br\/blog\/wp-content\/uploads\/2021\/03\/aula-de-acordeon-rafa-vannazi-08.jpg","type":"image\/jpeg"}],"author":"Rafa Vanazzi","twitter_card":"summary_large_image","twitter_misc":{"Escrito por":"Rafa Vanazzi","Est. tempo de leitura":"2 minutos"},"schema":{"@context":"https:\/\/schema.org","@graph":[{"@type":"Article","@id":"https:\/\/auladeacordeon.com.br\/blog\/em-tres-meses-voce-estara-tocando-musicas-simples-no-acordeon-veja-como\/#article","isPartOf":{"@id":"https:\/\/auladeacordeon.com.br\/blog\/em-tres-meses-voce-estara-tocando-musicas-simples-no-acordeon-veja-como\/"},"author":{"name":"Rafa Vanazzi","@id":"http:\/\/auladeacordeon.com.br\/blog\/#\/schema\/person\/d282872940f9be9f1beab48368d5b634"},"headline":"Em tr\u00eas meses voc\u00ea estar\u00e1 tocando m\u00fasicas simples no acordeon: veja como","datePublished":"2021-02-22T16:14:00+00:00","dateModified":"2022-02-22T13:12:20+00:00","mainEntityOfPage":{"@id":"https:\/\/auladeacordeon.com.br\/blog\/em-tres-meses-voce-estara-tocando-musicas-simples-no-acordeon-veja-como\/"},"wordCount":406,"commentCount":0,"publisher":{"@id":"http:\/\/auladeacordeon.com.br\/blog\/#organization"},"articleSection":["Artigos"],"inLanguage":"pt-BR","potentialAction":[{"@type":"CommentAction","name":"Comment","target":["https:\/\/auladeacordeon.com.br\/blog\/em-tres-meses-voce-estara-tocando-musicas-simples-no-acordeon-veja-como\/#respond"]}]},{"@type":"WebPage","@id":"https:\/\/auladeacordeon.com.br\/blog\/em-tres-meses-voce-estara-tocando-musicas-simples-no-acordeon-veja-como\/","url":"https:\/\/auladeacordeon.com.br\/blog\/em-tres-meses-voce-estara-tocando-musicas-simples-no-acordeon-veja-como\/","name":"Em tr\u00eas meses voc\u00ea estar\u00e1 tocando m\u00fasicas simples no acordeon: veja como - Aula de Acordeon","isPartOf":{"@id":"http:\/\/auladeacordeon.com.br\/blog\/#website"},"datePublished":"2021-02-22T16:14:00+00:00","dateModified":"2022-02-22T13:12:20+00:00","breadcrumb":{"@id":"https:\/\/auladeacordeon.com.br\/blog\/em-tres-meses-voce-estara-tocando-musicas-simples-no-acordeon-veja-como\/#breadcrumb"},"inLanguage":"pt-BR","potentialAction":[{"@type":"ReadAction","target":["https:\/\/auladeacordeon.com.br\/blog\/em-tres-meses-voce-estara-tocando-musicas-simples-no-acordeon-veja-como\/"]}]},{"@type":"BreadcrumbList","@id":"https:\/\/auladeacordeon.com.br\/blog\/em-tres-meses-voce-estara-tocando-musicas-simples-no-acordeon-veja-como\/#breadcrumb","itemListElement":[{"@type":"ListItem","position":1,"name":"Home","item":"http:\/\/auladeacordeon.com.br\/blog\/"},{"@type":"ListItem","position":2,"name":"Em tr\u00eas meses voc\u00ea estar\u00e1 tocando m\u00fasicas simples no acordeon: veja como"}]},{"@type":"WebSite","@id":"http:\/\/auladeacordeon.com.br\/blog\/#website","url":"http:\/\/auladeacordeon.com.br\/blog\/","name":"Aula de Acordeon","description":"Blog","publisher":{"@id":"http:\/\/auladeacordeon.com.br\/blog\/#organization"},"alternateName":"Artigos e textos para quem ama acordeon","potentialAction":[{"@type":"SearchAction","target":{"@type":"EntryPoint","urlTemplate":"http:\/\/auladeacordeon.com.br\/blog\/?s={search_term_string}"},"query-input":"required name=search_term_string"}],"inLanguage":"pt-BR"},{"@type":"Organization","@id":"http:\/\/auladeacordeon.com.br\/blog\/#organization","name":"Aula de Acordeon","url":"http:\/\/auladeacordeon.com.br\/blog\/","logo":{"@type":"ImageObject","inLanguage":"pt-BR","@id":"http:\/\/auladeacordeon.com.br\/blog\/#\/schema\/logo\/image\/","url":"https:\/\/auladeacordeon.com.br\/blog\/wp-content\/uploads\/2022\/11\/logo_apaixonados_fundo_branco_v1-scaled.jpg","contentUrl":"https:\/\/auladeacordeon.com.br\/blog\/wp-content\/uploads\/2022\/11\/logo_apaixonados_fundo_branco_v1-scaled.jpg","width":2560,"height":2560,"caption":"Aula de Acordeon"},"image":{"@id":"http:\/\/auladeacordeon.com.br\/blog\/#\/schema\/logo\/image\/"}},{"@type":"Person","@id":"http:\/\/auladeacordeon.com.br\/blog\/#\/schema\/person\/d282872940f9be9f1beab48368d5b634","name":"Rafa Vanazzi","image":{"@type":"ImageObject","inLanguage":"pt-BR","@id":"http:\/\/auladeacordeon.com.br\/blog\/#\/schema\/person\/image\/","url":"https:\/\/secure.gravatar.com\/avatar\/f7b66a4dcfa10cbbc1315a89a8740e02?s=96&d=mm&r=g","contentUrl":"https:\/\/secure.gravatar.com\/avatar\/f7b66a4dcfa10cbbc1315a89a8740e02?s=96&d=mm&r=g","caption":"Rafa Vanazzi"},"description":"M\u00fasico com mestrado em Musicografia Braille na UNICAMP, Rafael \u00e9 professor de m\u00fasica com especialidade em acordeon.","sameAs":["https:\/\/www.apaixonadosporacordeon.com.br\/","https:\/\/www.facebook.com\/rafaelvanazzi","https:\/\/www.instagram.com\/apaixonadosporacordeon\/","https:\/\/www.youtube.com\/rafavanazzi"],"url":"https:\/\/auladeacordeon.com.br\/blog\/author\/rafa\/"}]}},"_links":{"self":[{"href":"https:\/\/auladeacordeon.com.br\/blog\/wp-json\/wp\/v2\/posts\/467"}],"collection":[{"href":"https:\/\/auladeacordeon.com.br\/blog\/wp-json\/wp\/v2\/posts"}],"about":[{"href":"https:\/\/auladeacordeon.com.br\/blog\/wp-json\/wp\/v2\/types\/post"}],"author":[{"embeddable":true,"href":"https:\/\/auladeacordeon.com.br\/blog\/wp-json\/wp\/v2\/users\/3"}],"replies":[{"embeddable":true,"href":"https:\/\/auladeacordeon.com.br\/blog\/wp-json\/wp\/v2\/comments?post=467"}],"version-history":[{"count":0,"href":"https:\/\/auladeacordeon.com.br\/blog\/wp-json\/wp\/v2\/posts\/467\/revisions"}],"wp:featuredmedia":[{"embeddable":true,"href":"https:\/\/auladeacordeon.com.br\/blog\/wp-json\/wp\/v2\/media\/468"}],"wp:attachment":[{"href":"https:\/\/auladeacordeon.com.br\/blog\/wp-json\/wp\/v2\/media?parent=467"}],"wp:term":[{"taxonomy":"category","embeddable":true,"href":"https:\/\/auladeacordeon.com.br\/blog\/wp-json\/wp\/v2\/categories?post=467"},{"taxonomy":"post_tag","embeddable":true,"href":"https:\/\/auladeacordeon.com.br\/blog\/wp-json\/wp\/v2\/tags?post=467"}],"curies":[{"name":"wp","href":"https:\/\/api.w.org\/{rel}","templated":true}]}}