{"id":744,"date":"2022-02-21T07:00:21","date_gmt":"2022-02-21T07:00:21","guid":{"rendered":"https:\/\/auladeacordeon.com.br\/blog\/?p=744"},"modified":"2022-04-13T20:27:33","modified_gmt":"2022-04-13T20:27:33","slug":"grandes-sanfoneiros-do-brasil-voce-ja-ouviu-falar-de-todos","status":"publish","type":"post","link":"https:\/\/auladeacordeon.com.br\/blog\/grandes-sanfoneiros-do-brasil-voce-ja-ouviu-falar-de-todos\/","title":{"rendered":"Grandes Sanfoneiros do Brasil: voc\u00ea j\u00e1 ouviu falar de todos?"},"content":{"rendered":"<p>Bem-vindos \u00e0 mais um artigo para ficar por dentro e manter seus estudos da sanfona mais completos! Independente do seu estilo favorito, voc\u00ea j\u00e1 deve ter ouvido falar em todos, ou na maioria, dos nomes abaixo.<\/p>\n<p>Aprenderemos um pouco mais sobre a vida desses sanfoneiros incr\u00edveis, que lutaram pela presen\u00e7a da sanfona na ind\u00fastria e ver quais novidades aguardam no universo deste maravilhoso instrumento. Se voc\u00ea tamb\u00e9m \u00e9 um Apaixonado, vem com a gente:<\/p>\n<h2><img class=\" wp-image-753 alignleft\" src=\"http:\/\/auladeacordeon.com.br\/blog\/wp-content\/uploads\/2022\/02\/aula-de-acordeon-rafa-vannazi-luiz-gonzaga-maduro-289x400.jpg\" alt=\"Grandes sanfoneiros do Brasil - Luiz Gonzaga maduro\" width=\"133\" height=\"184\" srcset=\"https:\/\/auladeacordeon.com.br\/blog\/wp-content\/uploads\/2022\/02\/aula-de-acordeon-rafa-vannazi-luiz-gonzaga-maduro-289x400.jpg 289w, https:\/\/auladeacordeon.com.br\/blog\/wp-content\/uploads\/2022\/02\/aula-de-acordeon-rafa-vannazi-luiz-gonzaga-maduro.jpg 434w\" sizes=\"(max-width: 133px) 100vw, 133px\" \/>Luiz Gonzaga<\/h2>\n<p>Nascido em Exu, interior de Pernambuco, n\u00e3o h\u00e1 brasileiro de norte a sul que n\u00e3o conhe\u00e7a o maior mestre sanfoneiro de todos os tempos.<\/p>\n<p>Al\u00e9m de instrumentista, o compositor e cantor tamb\u00e9m lan\u00e7ou um novo ritmo junto de <a href=\"https:\/\/pt.wikipedia.org\/wiki\/Humberto_Teixeira\" target=\"_blank\" rel=\"noopener\">Humberto Teixeira<\/a>, o Bai\u00e3o! Dos bailes das periferias aos sal\u00f5es mais gr\u00e3-finos, o ritmo tornou-se uma mania nacional.<\/p>\n<p>Ent\u00e3o, Luiz Gonzaga decide mostrar a Regi\u00e3o Nordestina para o resto do Brasil. Segundo a jornalista <a href=\"https:\/\/pt.wikipedia.org\/wiki\/Regina_Echeverria\" target=\"_blank\" rel=\"noopener\">Regina Echeverria<\/a>, em seu livro Gonzaguinha e Gonzag\u00e3o \u2013 Uma Hist\u00f3ria Brasileira, lembra que o sanfoneiro, no come\u00e7o da carreira, n\u00e3o se veste como cangaceiro.<\/p>\n<blockquote><p><strong><em>\u201cEle toca sanfona sempre de terno, porque acha muito chique, mas depois de ver o sanfoneiro ga\u00facho Pedro Raimundo (1906-1973) se vestir com bombacha e outras roupas t\u00edpicas do Sul, pensa: \u2018Se ele pode, eu tamb\u00e9m posso\u2019.\u201d<\/em><\/strong><\/p><\/blockquote>\n<p>A revolu\u00e7\u00e3o de Luiz Gonzaga inicia e a imagem do nordestino \u00e9 projetada nos m\u00ednimos detalhes atrav\u00e9s de suas roupas: chap\u00e9u de couro, inspirado em Lampi\u00e3o, a jaqueta de couro, inspirada no vaqueiro, as alpercatas de couro, os embornais, como afirma o cantor e compositor Sergival Silva (1965).<\/p>\n<p>O sanfoneiro continua influenciando m\u00fasicos e aspirantes at\u00e9 hoje. Diversas vertentes musicais sofreram as influ\u00eancias de sua obra como na Bossa Nova, no Rock, al\u00e9m de fomentar disc\u00edpulos na gera\u00e7\u00e3o de 1970.<\/p>\n<h2><img class=\" wp-image-755 alignleft\" src=\"http:\/\/auladeacordeon.com.br\/blog\/wp-content\/uploads\/2022\/02\/aula-de-acordeon-rafa-vannazi-luiz-domingunhos-sanfoneiro-633x400.jpg\" alt=\"Grandes sanfoneiros do Brasil - Dominguinhos\" width=\"214\" height=\"136\" srcset=\"https:\/\/auladeacordeon.com.br\/blog\/wp-content\/uploads\/2022\/02\/aula-de-acordeon-rafa-vannazi-luiz-domingunhos-sanfoneiro-633x400.jpg 633w, https:\/\/auladeacordeon.com.br\/blog\/wp-content\/uploads\/2022\/02\/aula-de-acordeon-rafa-vannazi-luiz-domingunhos-sanfoneiro.jpg 728w\" sizes=\"(max-width: 214px) 100vw, 214px\" \/>Dominguinhos<\/h2>\n<p>Apesar de tamb\u00e9m ser herdeiro do grande Luiz Gonzaga, <a href=\"https:\/\/pt.wikipedia.org\/wiki\/Dominguinhos\" target=\"_blank\" rel=\"noopener\">Dominguinhos<\/a>, tamb\u00e9m nascido no interior de Pernambuco, expandiu o legado do Rei do Bai\u00e3o!<\/p>\n<p>Atribuindo a influ\u00eancia do jazz, em Bai\u00e3o Violado (1976) Dominguinhos extrapolava as fronteiras da na\u00e7\u00e3o nordestina e dava um toque inventivo na sanfona na composi\u00e7\u00e3o de boleros, choros, fados e valsas.<\/p>\n<p>Para ele, acabava tudo em bai\u00e3o \u00e0 moda de Seu Domingos &#8211; eternizado no pante\u00e3o da m\u00fasica brasileira como compositor e instrumentista de identidade pr\u00f3pria.<\/p>\n<h2 style=\"font-size: 23.04px;\"><img class=\"wp-image-756 alignleft\" src=\"http:\/\/auladeacordeon.com.br\/blog\/wp-content\/uploads\/2022\/02\/aula-de-acordeon-rafa-vannazi-luiz-sivuca-sanfoneiro-633x400.jpg\" alt=\"Grandes sanfoneiros do Brasil - Sivuca\" width=\"217\" height=\"137\" srcset=\"https:\/\/auladeacordeon.com.br\/blog\/wp-content\/uploads\/2022\/02\/aula-de-acordeon-rafa-vannazi-luiz-sivuca-sanfoneiro-633x400.jpg 633w, https:\/\/auladeacordeon.com.br\/blog\/wp-content\/uploads\/2022\/02\/aula-de-acordeon-rafa-vannazi-luiz-sivuca-sanfoneiro.jpg 728w\" sizes=\"(max-width: 217px) 100vw, 217px\" \/><\/h2>\n<h2>Sivuca<\/h2>\n<p>Desde jovem, ele<\/p>\n<p>viaja pelo interior do Nordeste tocando com m\u00fasicos locais e absorvendo os ensinamentos e as experimenta\u00e7\u00f5es.<\/p>\n<p><a href=\"https:\/\/pt.wikipedia.org\/wiki\/Sivuca\" target=\"_blank\" rel=\"noopener\">Sivuca<\/a> \u00e9 um mestre da sanfona, e ele foi um dos principais divulgadores deste instrumento tanto na m\u00fasica nacional quanto na internacional.<\/p>\n<p>Ele n\u00e3o abando<\/p>\n<p>na o instrumento de jeito nenhum, mesmo com a dificuldade inicial de aceita\u00e7\u00e3o do instrumento na ind\u00fastria musical. Por vezes, ele chegou a optar pelo viol\u00e3o para se manter neste mercado, mas n\u00e3o desistiu.<\/p>\n<blockquote><p><em><strong>\u201cAgora \u00e9 que o preconceito est\u00e1 acabando. E eu, sem querer me vangloriar, trabalhei muito por isso. Mas, preconceitos \u00e0 parte, eu continuo tendo, como instrumento principal, a sanfona\u201d<\/strong><\/em><\/p><\/blockquote>\n<h1>Sanfona: novas gera\u00e7\u00f5es e o seu legado<\/h1>\n<p>Engana-se quem acha que a sanfona perdeu seu espa\u00e7o na m\u00fasica atual. Recentemente, o fen\u00f4meno Juliette reacendeu no BBB 21, programa da Rede Globo, a for\u00e7a da cultura nordestina e sua representa\u00e7\u00e3o foi marcante no Brasil todo.<\/p>\n<p>Da mesma forma, diversos hits da m\u00fasica pop contam com o som do instrumento para compor a melodia junto de mixagens modernas e digitais. A sanfona tamb\u00e9m deixa sua marca na m\u00fasica popular brasileira em nomes como a paraibana Lucy Alves e o sulista Renato Borghetti.<\/p>\n<p>De qualquer forma, a sanfona n\u00e3o perde seu espa\u00e7o no cora\u00e7\u00e3o de milhares de Apaixonados, como n\u00f3s!<\/p>\n<p>J\u00e1 pensou em manter a hist\u00f3ria dela viva ou apenas experimentar aprender um instrumento novo t\u00e3o incr\u00edvel quanto a sanfona?<\/p>\n<p>Aqui no <a href=\"https:\/\/www.apaixonadosporacordeon.com.br\/\" target=\"_blank\" rel=\"noopener\">Apaixonados por Acordeon<\/a> \u00e9 poss\u00edvel!<\/p>\n<h1>Como aprender acordeon<\/h1>\n<p>Pode parecer complexo, mas n\u00e3o \u00e9! Na verdade, assim como a constru\u00e7\u00e3o de uma casa aprender a tocar acordeon tamb\u00e9m leva tempo e depende de etapas para ser finalizado.<\/p>\n<p>Para compreender melhor a analogia, devemos pensar na estrutura e considerar como o alicerce do acordeon, o ritmo. Ap\u00f3s o alicerce, devemos colocar as paredes que aqui \u00e9 entendido como a melodia do instrumento para s\u00f3 depois podermos colocar o telhado, ou seja, a harmonia.<\/p>\n<p>N\u00e3o devemos nos apressar quando o assunto \u00e9 aprender, por isso \u00e9 sempre importante iniciar com a base para depois podermos construir em cima!<\/p>\n<h2>Aprender a tocar acordeon online funciona?<\/h2>\n<p>Sim! <a href=\"https:\/\/pay.hotmart.com\/M7654269Y?off=505rmvbc&amp;_hi=eyJjaWQiOiIxNjE2Nzg4NTA5ODIzNjQ5OTQzNTM4NTk4NzA3NjAwIiwiYmlkIjoiMTYxNjc4ODUwOTgyMzY0OTk0MzUzODU5ODcwNzYwMCIsInNpZCI6ImIwNjhmZjJmOGYyZDQxMjY5Mjc4NTUyYTBlZTAzYzQ4In0%3D.1645463023250&amp;_ga=2.7637490.1728889340.1645462953-1146115759.1645462953&amp;checkoutMode=0&amp;bid=1645463023488\" target=\"_blank\" rel=\"noopener\">Aprender um instrumento com o acordeon<\/a> de forma online n\u00e3o s\u00f3 traz consigo maior comodidade, como tamb\u00e9m lhe coloca junto de outros apaixonados por acordeon em busca de manusear com maestria esse instrumento cheio de hist\u00f3ria e significado para o povo brasileiro.<\/p>\n<p>\u00c9 por isso que com a metodologia do <a href=\"https:\/\/www.youtube.com\/channel\/UCLo8EVEP7KhCvcNJ1CSXtRw\" target=\"_blank\" rel=\"noopener\">Rafael Vazzani<\/a> voc\u00ea pode se dedicar ao aprendizado com um especialista em ensino online e um verdadeiro apaixonado por acordeon!<\/p>\n<p>Venha <a href=\"https:\/\/www.apaixonadosporacordeon.com.br\/\" target=\"_blank\" rel=\"noopener\"><strong>saber mais<\/strong><\/a> sobre o acordeon com a gente para exercitar sua mente e seu cora\u00e7\u00e3o com este instrumento representativo da cultura brasileira!<\/p>\n<p>***<\/p>\n<p><em>Imagens: gentilmente cedidas pelo acervo familiar \/ divulga\u00e7\u00e3o<\/em><\/p>\n<p>&nbsp;<\/p>\n","protected":false},"excerpt":{"rendered":"<p>Bem-vindos \u00e0 mais um artigo para ficar por dentro e manter seus estudos da sanfona mais completos! Independente do seu estilo favorito, voc\u00ea j\u00e1 deve ter ouvido falar em todos, ou na maioria, dos nomes abaixo. Aprenderemos um pouco mais sobre a vida desses sanfoneiros incr\u00edveis, que lutaram pela presen\u00e7a da sanfona na ind\u00fastria e[&#8230;]\n","protected":false},"author":3,"featured_media":752,"comment_status":"open","ping_status":"open","sticky":true,"template":"","format":"standard","meta":[],"categories":[4],"tags":[75,246,265,252,261,260,256,251,250,259,255,254,249,88,257,263,247,248,195,253,264,206,245,258,262],"yoast_head":"<!-- This site is optimized with the Yoast SEO Premium plugin v18.0 (Yoast SEO v19.10) - https:\/\/yoast.com\/wordpress\/plugins\/seo\/ -->\n<title>Grandes Sanfoneiros do Brasil: voc\u00ea j\u00e1 ouviu falar de todos? -<\/title>\n<meta name=\"description\" content=\"Independente do seu estilo favorito voc\u00ea j\u00e1 deve ter ouvido falar em todos os grandes sanfoneiros do Brasil\" \/>\n<meta name=\"robots\" content=\"index, follow, max-snippet:-1, max-image-preview:large, max-video-preview:-1\" \/>\n<link rel=\"canonical\" href=\"http:\/\/auladeacordeon.com.br\/blog\/grandes-sanfoneiros-do-brasil-voce-ja-ouviu-falar-de-todos\/\" \/>\n<meta property=\"og:locale\" content=\"pt_BR\" \/>\n<meta property=\"og:type\" content=\"article\" \/>\n<meta property=\"og:title\" content=\"Grandes Sanfoneiros do Brasil: voc\u00ea j\u00e1 ouviu falar de todos?\" \/>\n<meta property=\"og:description\" content=\"Independente do seu estilo favorito voc\u00ea j\u00e1 deve ter ouvido falar em todos os grandes sanfoneiros do Brasil\" \/>\n<meta property=\"og:url\" content=\"http:\/\/auladeacordeon.com.br\/blog\/grandes-sanfoneiros-do-brasil-voce-ja-ouviu-falar-de-todos\/\" \/>\n<meta property=\"og:site_name\" content=\"Aula de Acordeon\" \/>\n<meta property=\"article:author\" content=\"https:\/\/www.facebook.com\/rafaelvanazzi\" \/>\n<meta property=\"article:published_time\" content=\"2022-02-21T07:00:21+00:00\" \/>\n<meta property=\"article:modified_time\" content=\"2022-04-13T20:27:33+00:00\" \/>\n<meta property=\"og:image\" content=\"http:\/\/auladeacordeon.com.br\/blog\/wp-content\/uploads\/2022\/02\/aula-de-acordeon-rafa-vannazi-luiz-gonzaga-jovem.jpg\" \/>\n\t<meta property=\"og:image:width\" content=\"1280\" \/>\n\t<meta property=\"og:image:height\" content=\"720\" \/>\n\t<meta property=\"og:image:type\" content=\"image\/jpeg\" \/>\n<meta name=\"author\" content=\"Rafa Vanazzi\" \/>\n<meta name=\"twitter:card\" content=\"summary_large_image\" \/>\n<meta name=\"twitter:label1\" content=\"Escrito por\" \/>\n\t<meta name=\"twitter:data1\" content=\"Rafa Vanazzi\" \/>\n\t<meta name=\"twitter:label2\" content=\"Est. tempo de leitura\" \/>\n\t<meta name=\"twitter:data2\" content=\"5 minutos\" \/>\n<script type=\"application\/ld+json\" class=\"yoast-schema-graph\">{\"@context\":\"https:\/\/schema.org\",\"@graph\":[{\"@type\":\"Article\",\"@id\":\"http:\/\/auladeacordeon.com.br\/blog\/grandes-sanfoneiros-do-brasil-voce-ja-ouviu-falar-de-todos\/#article\",\"isPartOf\":{\"@id\":\"http:\/\/auladeacordeon.com.br\/blog\/grandes-sanfoneiros-do-brasil-voce-ja-ouviu-falar-de-todos\/\"},\"author\":{\"name\":\"Rafa Vanazzi\",\"@id\":\"https:\/\/auladeacordeon.com.br\/blog\/#\/schema\/person\/d282872940f9be9f1beab48368d5b634\"},\"headline\":\"Grandes Sanfoneiros do Brasil: voc\u00ea j\u00e1 ouviu falar de todos?\",\"datePublished\":\"2022-02-21T07:00:21+00:00\",\"dateModified\":\"2022-04-13T20:27:33+00:00\",\"mainEntityOfPage\":{\"@id\":\"http:\/\/auladeacordeon.com.br\/blog\/grandes-sanfoneiros-do-brasil-voce-ja-ouviu-falar-de-todos\/\"},\"wordCount\":891,\"commentCount\":4,\"publisher\":{\"@id\":\"https:\/\/auladeacordeon.com.br\/blog\/#organization\"},\"keywords\":[\"acordeon\",\"Apaixonado\",\"apaixonados por acordeon\",\"Bai\u00e3o\",\"Bai\u00e3o Violado\",\"Bossa Nova\",\"cangaceiro\",\"cantor\",\"compositor\",\"Dominguinhos\",\"Gonzag\u00e3o\",\"Gonzaguinha\",\"instrumentista\",\"instrumento\",\"Lampi\u00e3o\",\"Lucy Alves\",\"Luiz Gonzaga\",\"mestre sanfoneiro\",\"Nordeste\",\"Regina Echeverria\",\"Renato Borghetti\",\"Sanfona\",\"sanfoneiros\",\"Sergival Silva\",\"Sivuca\"],\"articleSection\":[\"Artigos\"],\"inLanguage\":\"pt-BR\",\"potentialAction\":[{\"@type\":\"CommentAction\",\"name\":\"Comment\",\"target\":[\"http:\/\/auladeacordeon.com.br\/blog\/grandes-sanfoneiros-do-brasil-voce-ja-ouviu-falar-de-todos\/#respond\"]}]},{\"@type\":\"WebPage\",\"@id\":\"http:\/\/auladeacordeon.com.br\/blog\/grandes-sanfoneiros-do-brasil-voce-ja-ouviu-falar-de-todos\/\",\"url\":\"http:\/\/auladeacordeon.com.br\/blog\/grandes-sanfoneiros-do-brasil-voce-ja-ouviu-falar-de-todos\/\",\"name\":\"Grandes Sanfoneiros do Brasil: voc\u00ea j\u00e1 ouviu falar de todos? -\",\"isPartOf\":{\"@id\":\"https:\/\/auladeacordeon.com.br\/blog\/#website\"},\"datePublished\":\"2022-02-21T07:00:21+00:00\",\"dateModified\":\"2022-04-13T20:27:33+00:00\",\"description\":\"Independente do seu estilo favorito voc\u00ea j\u00e1 deve ter ouvido falar em todos os grandes sanfoneiros do Brasil\",\"breadcrumb\":{\"@id\":\"http:\/\/auladeacordeon.com.br\/blog\/grandes-sanfoneiros-do-brasil-voce-ja-ouviu-falar-de-todos\/#breadcrumb\"},\"inLanguage\":\"pt-BR\",\"potentialAction\":[{\"@type\":\"ReadAction\",\"target\":[\"http:\/\/auladeacordeon.com.br\/blog\/grandes-sanfoneiros-do-brasil-voce-ja-ouviu-falar-de-todos\/\"]}]},{\"@type\":\"BreadcrumbList\",\"@id\":\"http:\/\/auladeacordeon.com.br\/blog\/grandes-sanfoneiros-do-brasil-voce-ja-ouviu-falar-de-todos\/#breadcrumb\",\"itemListElement\":[{\"@type\":\"ListItem\",\"position\":1,\"name\":\"Home\",\"item\":\"https:\/\/auladeacordeon.com.br\/blog\/\"},{\"@type\":\"ListItem\",\"position\":2,\"name\":\"Grandes Sanfoneiros do Brasil: voc\u00ea j\u00e1 ouviu falar de todos?\"}]},{\"@type\":\"WebSite\",\"@id\":\"https:\/\/auladeacordeon.com.br\/blog\/#website\",\"url\":\"https:\/\/auladeacordeon.com.br\/blog\/\",\"name\":\"Aula de Acordeon\",\"description\":\"Blog\",\"publisher\":{\"@id\":\"https:\/\/auladeacordeon.com.br\/blog\/#organization\"},\"alternateName\":\"Artigos e textos para quem ama acordeon\",\"potentialAction\":[{\"@type\":\"SearchAction\",\"target\":{\"@type\":\"EntryPoint\",\"urlTemplate\":\"https:\/\/auladeacordeon.com.br\/blog\/?s={search_term_string}\"},\"query-input\":\"required name=search_term_string\"}],\"inLanguage\":\"pt-BR\"},{\"@type\":\"Organization\",\"@id\":\"https:\/\/auladeacordeon.com.br\/blog\/#organization\",\"name\":\"Aula de Acordeon\",\"url\":\"https:\/\/auladeacordeon.com.br\/blog\/\",\"logo\":{\"@type\":\"ImageObject\",\"inLanguage\":\"pt-BR\",\"@id\":\"https:\/\/auladeacordeon.com.br\/blog\/#\/schema\/logo\/image\/\",\"url\":\"https:\/\/auladeacordeon.com.br\/blog\/wp-content\/uploads\/2022\/11\/logo_apaixonados_fundo_branco_v1-scaled.jpg\",\"contentUrl\":\"https:\/\/auladeacordeon.com.br\/blog\/wp-content\/uploads\/2022\/11\/logo_apaixonados_fundo_branco_v1-scaled.jpg\",\"width\":2560,\"height\":2560,\"caption\":\"Aula de Acordeon\"},\"image\":{\"@id\":\"https:\/\/auladeacordeon.com.br\/blog\/#\/schema\/logo\/image\/\"}},{\"@type\":\"Person\",\"@id\":\"https:\/\/auladeacordeon.com.br\/blog\/#\/schema\/person\/d282872940f9be9f1beab48368d5b634\",\"name\":\"Rafa Vanazzi\",\"image\":{\"@type\":\"ImageObject\",\"inLanguage\":\"pt-BR\",\"@id\":\"https:\/\/auladeacordeon.com.br\/blog\/#\/schema\/person\/image\/\",\"url\":\"https:\/\/secure.gravatar.com\/avatar\/f7b66a4dcfa10cbbc1315a89a8740e02?s=96&d=mm&r=g\",\"contentUrl\":\"https:\/\/secure.gravatar.com\/avatar\/f7b66a4dcfa10cbbc1315a89a8740e02?s=96&d=mm&r=g\",\"caption\":\"Rafa Vanazzi\"},\"description\":\"M\u00fasico com mestrado em Musicografia Braille na UNICAMP, Rafael \u00e9 professor de m\u00fasica com especialidade em acordeon.\",\"sameAs\":[\"https:\/\/www.apaixonadosporacordeon.com.br\/\",\"https:\/\/www.facebook.com\/rafaelvanazzi\",\"https:\/\/www.instagram.com\/apaixonadosporacordeon\/\",\"https:\/\/www.youtube.com\/rafavanazzi\"],\"url\":\"https:\/\/auladeacordeon.com.br\/blog\/author\/rafa\/\"}]}<\/script>\n<!-- \/ Yoast SEO Premium plugin. -->","yoast_head_json":{"title":"Grandes Sanfoneiros do Brasil: voc\u00ea j\u00e1 ouviu falar de todos? -","description":"Independente do seu estilo favorito voc\u00ea j\u00e1 deve ter ouvido falar em todos os grandes sanfoneiros do Brasil","robots":{"index":"index","follow":"follow","max-snippet":"max-snippet:-1","max-image-preview":"max-image-preview:large","max-video-preview":"max-video-preview:-1"},"canonical":"http:\/\/auladeacordeon.com.br\/blog\/grandes-sanfoneiros-do-brasil-voce-ja-ouviu-falar-de-todos\/","og_locale":"pt_BR","og_type":"article","og_title":"Grandes Sanfoneiros do Brasil: voc\u00ea j\u00e1 ouviu falar de todos?","og_description":"Independente do seu estilo favorito voc\u00ea j\u00e1 deve ter ouvido falar em todos os grandes sanfoneiros do Brasil","og_url":"http:\/\/auladeacordeon.com.br\/blog\/grandes-sanfoneiros-do-brasil-voce-ja-ouviu-falar-de-todos\/","og_site_name":"Aula de Acordeon","article_author":"https:\/\/www.facebook.com\/rafaelvanazzi","article_published_time":"2022-02-21T07:00:21+00:00","article_modified_time":"2022-04-13T20:27:33+00:00","og_image":[{"width":1280,"height":720,"url":"http:\/\/auladeacordeon.com.br\/blog\/wp-content\/uploads\/2022\/02\/aula-de-acordeon-rafa-vannazi-luiz-gonzaga-jovem.jpg","type":"image\/jpeg"}],"author":"Rafa Vanazzi","twitter_card":"summary_large_image","twitter_misc":{"Escrito por":"Rafa Vanazzi","Est. tempo de leitura":"5 minutos"},"schema":{"@context":"https:\/\/schema.org","@graph":[{"@type":"Article","@id":"http:\/\/auladeacordeon.com.br\/blog\/grandes-sanfoneiros-do-brasil-voce-ja-ouviu-falar-de-todos\/#article","isPartOf":{"@id":"http:\/\/auladeacordeon.com.br\/blog\/grandes-sanfoneiros-do-brasil-voce-ja-ouviu-falar-de-todos\/"},"author":{"name":"Rafa Vanazzi","@id":"https:\/\/auladeacordeon.com.br\/blog\/#\/schema\/person\/d282872940f9be9f1beab48368d5b634"},"headline":"Grandes Sanfoneiros do Brasil: voc\u00ea j\u00e1 ouviu falar de todos?","datePublished":"2022-02-21T07:00:21+00:00","dateModified":"2022-04-13T20:27:33+00:00","mainEntityOfPage":{"@id":"http:\/\/auladeacordeon.com.br\/blog\/grandes-sanfoneiros-do-brasil-voce-ja-ouviu-falar-de-todos\/"},"wordCount":891,"commentCount":4,"publisher":{"@id":"https:\/\/auladeacordeon.com.br\/blog\/#organization"},"keywords":["acordeon","Apaixonado","apaixonados por acordeon","Bai\u00e3o","Bai\u00e3o Violado","Bossa Nova","cangaceiro","cantor","compositor","Dominguinhos","Gonzag\u00e3o","Gonzaguinha","instrumentista","instrumento","Lampi\u00e3o","Lucy Alves","Luiz Gonzaga","mestre sanfoneiro","Nordeste","Regina Echeverria","Renato Borghetti","Sanfona","sanfoneiros","Sergival Silva","Sivuca"],"articleSection":["Artigos"],"inLanguage":"pt-BR","potentialAction":[{"@type":"CommentAction","name":"Comment","target":["http:\/\/auladeacordeon.com.br\/blog\/grandes-sanfoneiros-do-brasil-voce-ja-ouviu-falar-de-todos\/#respond"]}]},{"@type":"WebPage","@id":"http:\/\/auladeacordeon.com.br\/blog\/grandes-sanfoneiros-do-brasil-voce-ja-ouviu-falar-de-todos\/","url":"http:\/\/auladeacordeon.com.br\/blog\/grandes-sanfoneiros-do-brasil-voce-ja-ouviu-falar-de-todos\/","name":"Grandes Sanfoneiros do Brasil: voc\u00ea j\u00e1 ouviu falar de todos? -","isPartOf":{"@id":"https:\/\/auladeacordeon.com.br\/blog\/#website"},"datePublished":"2022-02-21T07:00:21+00:00","dateModified":"2022-04-13T20:27:33+00:00","description":"Independente do seu estilo favorito voc\u00ea j\u00e1 deve ter ouvido falar em todos os grandes sanfoneiros do Brasil","breadcrumb":{"@id":"http:\/\/auladeacordeon.com.br\/blog\/grandes-sanfoneiros-do-brasil-voce-ja-ouviu-falar-de-todos\/#breadcrumb"},"inLanguage":"pt-BR","potentialAction":[{"@type":"ReadAction","target":["http:\/\/auladeacordeon.com.br\/blog\/grandes-sanfoneiros-do-brasil-voce-ja-ouviu-falar-de-todos\/"]}]},{"@type":"BreadcrumbList","@id":"http:\/\/auladeacordeon.com.br\/blog\/grandes-sanfoneiros-do-brasil-voce-ja-ouviu-falar-de-todos\/#breadcrumb","itemListElement":[{"@type":"ListItem","position":1,"name":"Home","item":"https:\/\/auladeacordeon.com.br\/blog\/"},{"@type":"ListItem","position":2,"name":"Grandes Sanfoneiros do Brasil: voc\u00ea j\u00e1 ouviu falar de todos?"}]},{"@type":"WebSite","@id":"https:\/\/auladeacordeon.com.br\/blog\/#website","url":"https:\/\/auladeacordeon.com.br\/blog\/","name":"Aula de Acordeon","description":"Blog","publisher":{"@id":"https:\/\/auladeacordeon.com.br\/blog\/#organization"},"alternateName":"Artigos e textos para quem ama acordeon","potentialAction":[{"@type":"SearchAction","target":{"@type":"EntryPoint","urlTemplate":"https:\/\/auladeacordeon.com.br\/blog\/?s={search_term_string}"},"query-input":"required name=search_term_string"}],"inLanguage":"pt-BR"},{"@type":"Organization","@id":"https:\/\/auladeacordeon.com.br\/blog\/#organization","name":"Aula de Acordeon","url":"https:\/\/auladeacordeon.com.br\/blog\/","logo":{"@type":"ImageObject","inLanguage":"pt-BR","@id":"https:\/\/auladeacordeon.com.br\/blog\/#\/schema\/logo\/image\/","url":"https:\/\/auladeacordeon.com.br\/blog\/wp-content\/uploads\/2022\/11\/logo_apaixonados_fundo_branco_v1-scaled.jpg","contentUrl":"https:\/\/auladeacordeon.com.br\/blog\/wp-content\/uploads\/2022\/11\/logo_apaixonados_fundo_branco_v1-scaled.jpg","width":2560,"height":2560,"caption":"Aula de Acordeon"},"image":{"@id":"https:\/\/auladeacordeon.com.br\/blog\/#\/schema\/logo\/image\/"}},{"@type":"Person","@id":"https:\/\/auladeacordeon.com.br\/blog\/#\/schema\/person\/d282872940f9be9f1beab48368d5b634","name":"Rafa Vanazzi","image":{"@type":"ImageObject","inLanguage":"pt-BR","@id":"https:\/\/auladeacordeon.com.br\/blog\/#\/schema\/person\/image\/","url":"https:\/\/secure.gravatar.com\/avatar\/f7b66a4dcfa10cbbc1315a89a8740e02?s=96&d=mm&r=g","contentUrl":"https:\/\/secure.gravatar.com\/avatar\/f7b66a4dcfa10cbbc1315a89a8740e02?s=96&d=mm&r=g","caption":"Rafa Vanazzi"},"description":"M\u00fasico com mestrado em Musicografia Braille na UNICAMP, Rafael \u00e9 professor de m\u00fasica com especialidade em acordeon.","sameAs":["https:\/\/www.apaixonadosporacordeon.com.br\/","https:\/\/www.facebook.com\/rafaelvanazzi","https:\/\/www.instagram.com\/apaixonadosporacordeon\/","https:\/\/www.youtube.com\/rafavanazzi"],"url":"https:\/\/auladeacordeon.com.br\/blog\/author\/rafa\/"}]}},"_links":{"self":[{"href":"https:\/\/auladeacordeon.com.br\/blog\/wp-json\/wp\/v2\/posts\/744"}],"collection":[{"href":"https:\/\/auladeacordeon.com.br\/blog\/wp-json\/wp\/v2\/posts"}],"about":[{"href":"https:\/\/auladeacordeon.com.br\/blog\/wp-json\/wp\/v2\/types\/post"}],"author":[{"embeddable":true,"href":"https:\/\/auladeacordeon.com.br\/blog\/wp-json\/wp\/v2\/users\/3"}],"replies":[{"embeddable":true,"href":"https:\/\/auladeacordeon.com.br\/blog\/wp-json\/wp\/v2\/comments?post=744"}],"version-history":[{"count":0,"href":"https:\/\/auladeacordeon.com.br\/blog\/wp-json\/wp\/v2\/posts\/744\/revisions"}],"wp:featuredmedia":[{"embeddable":true,"href":"https:\/\/auladeacordeon.com.br\/blog\/wp-json\/wp\/v2\/media\/752"}],"wp:attachment":[{"href":"https:\/\/auladeacordeon.com.br\/blog\/wp-json\/wp\/v2\/media?parent=744"}],"wp:term":[{"taxonomy":"category","embeddable":true,"href":"https:\/\/auladeacordeon.com.br\/blog\/wp-json\/wp\/v2\/categories?post=744"},{"taxonomy":"post_tag","embeddable":true,"href":"https:\/\/auladeacordeon.com.br\/blog\/wp-json\/wp\/v2\/tags?post=744"}],"curies":[{"name":"wp","href":"https:\/\/api.w.org\/{rel}","templated":true}]}}