{"id":788,"date":"2021-01-21T15:39:58","date_gmt":"2021-01-21T15:39:58","guid":{"rendered":"https:\/\/auladeacordeon.com.br\/blog\/?p=788"},"modified":"2022-02-22T16:35:44","modified_gmt":"2022-02-22T16:35:44","slug":"quem-e-seu-melhor-professor-2","status":"publish","type":"post","link":"https:\/\/auladeacordeon.com.br\/blog\/quem-e-seu-melhor-professor-2\/","title":{"rendered":"Quem \u00e9 seu melhor professor?"},"content":{"rendered":"<p>Voc\u00ea sabe qual \u00e9 a forma de transformar voc\u00ea mesmo no seu melhor professor? Se a sua resposta foi n\u00e3o ent\u00e3o tenho uma \u00f3tima not\u00edcia para voc\u00ea. Nesse artigo vou te contar o que voc\u00ea precisa fazer para que voc\u00ea mesmo seja o seu melhor mentor.<\/p>\n<p>Ent\u00e3o, indo direto ao ponto, para se tornar o seu melhor professor voc\u00ea precisa simplesmente usar o \u201cPor Qu\u00ea?\u201d.<\/p>\n<p>Sim, \u00e9 simplesmente isso. Quando voc\u00ea passa a questionar o por qu\u00ea das coisas, ou em outras palavras, qual \u00e9 a motiva\u00e7\u00e3o para que essa coisa aconte\u00e7a voc\u00ea vai se estimular a procurar a resposta.<\/p>\n<h2><img class=\" wp-image-798 alignleft\" src=\"http:\/\/auladeacordeon.com.br\/blog\/wp-content\/uploads\/2021\/01\/aula-de-acordeon-rafa-vannazi-aprender-acordeon-711x400.jpg\" alt=\"Aula de acordeon Rafa Vannazi aprender acordeon\" width=\"371\" height=\"209\" srcset=\"https:\/\/auladeacordeon.com.br\/blog\/wp-content\/uploads\/2021\/01\/aula-de-acordeon-rafa-vannazi-aprender-acordeon-711x400.jpg 711w, https:\/\/auladeacordeon.com.br\/blog\/wp-content\/uploads\/2021\/01\/aula-de-acordeon-rafa-vannazi-aprender-acordeon.jpg 750w\" sizes=\"(max-width: 371px) 100vw, 371px\" \/>Veja um exemplo aplicado ao acordeon: \u201cPor que, eu n\u00e3o consigo tocar no ritmo?\u201d<\/h2>\n<p>Quando voc\u00ea se faz essa pergunta e \u00e9 sincero na resposta, voc\u00ea se torna curioso, come\u00e7a a fazer pesquisas e testes, o que vai melhorar exponencialmente o seu processo de aprendizado.<\/p>\n<p>Podemos dizer que voc\u00ea possui todas as ferramentas para ser o seu melhor professor em qualquer assunto que se proponha a aprender, bastando apenas a desenvolver esse lado cr\u00edtico.<\/p>\n<h2>Um outro exemplo que pode ser usado \u00e9 o seguinte: \u201cPor que eu n\u00e3o consigo tocar os baixos?\u201d<\/h2>\n<p>Ao se fazer esse tipo de pergunta voc\u00ea vai ser capaz de identificar diversos motivos que s\u00e3o poss\u00edveis respostas ao seu questionamento. Podem surgir na sua cabe\u00e7a coisas do tipo: Eu n\u00e3o consigo tocar os baixos porque eu acabei de estudar\u201d ou \u201cporque eu estou estudando pelo Youtube\u201d ou at\u00e9 mesmo \u201cporque eu n\u00e3o tenho um professor\u201d.<\/p>\n<p>Dessa maneira, ao fazer o questionamento inicial, voc\u00ea consegue elencar os motivos e assim agir sobre eles.<\/p>\n<h2>Cuidado para n\u00e3o colocar obst\u00e1culos em seu pr\u00f3prio caminho.<\/h2>\n<p>Muitas pessoas podem acabar fazendo um mau uso dessa estrat\u00e9gia de questionar o porqu\u00ea das coisas para melhorar o aprendizado. Isso acontece quando, ao descobrirem os motivos acabam tornando-os obst\u00e1culos no seu processo e n\u00e3o solu\u00e7\u00e3o.<\/p>\n<p>Pense comigo, se uma pessoa n\u00e3o possui um dedo, ela pode pensar: \u201cAh, eu n\u00e3o vou ter aula porque sem um dedo eu n\u00e3o vou conseguir tocar\u201d.<\/p>\n<p>Esse \u00e9 um dos maiores erros, aumentar o tamanho do problema e tomar isso como verdade. Em outras palavras, o que eu quero te dizer \u00e9 que, ao descobrir as poss\u00edveis respostas ao seu questionamento inicial voc\u00ea n\u00e3o os trate como empecilhos.<\/p>\n<p>Nesse exemplo, a pessoa poderia desistir do aprendizado do instrumento antes mesmo de saber que esse n\u00e3o \u00e9 realmente um problema que a impediria, bastaria apenas fazer adapta\u00e7\u00f5es.<\/p>\n<p>Por fim, refor\u00e7o a ideia, busque o porqu\u00ea das coisas, busque o porqu\u00ea das coisas, se questione, investigue os motivos, v\u00e1 atr\u00e1s. Ao fazer isso tenho certeza que os seus resultados ser\u00e3o potencializados.<\/p>\n","protected":false},"excerpt":{"rendered":"<p>Voc\u00ea sabe qual \u00e9 a forma de transformar voc\u00ea mesmo no seu melhor professor? Se a sua resposta foi n\u00e3o ent\u00e3o tenho uma \u00f3tima not\u00edcia para voc\u00ea. Nesse artigo vou te contar o que voc\u00ea precisa fazer para que voc\u00ea mesmo seja o seu melhor mentor. Ent\u00e3o, indo direto ao ponto, para se tornar o[&#8230;]\n","protected":false},"author":3,"featured_media":571,"comment_status":"open","ping_status":"open","sticky":true,"template":"","format":"standard","meta":[],"categories":[4],"tags":[75,265,76,277,88,174,82,120,278,107,87],"yoast_head":"<!-- This site is optimized with the Yoast SEO Premium plugin v18.0 (Yoast SEO v19.10) - https:\/\/yoast.com\/wordpress\/plugins\/seo\/ -->\n<title>Quem \u00e9 seu melhor professor? - Aula de Acordeon<\/title>\n<meta name=\"robots\" content=\"index, follow, max-snippet:-1, max-image-preview:large, max-video-preview:-1\" \/>\n<link rel=\"canonical\" href=\"https:\/\/auladeacordeon.com.br\/blog\/quem-e-seu-melhor-professor-2\/\" \/>\n<meta property=\"og:locale\" content=\"pt_BR\" \/>\n<meta property=\"og:type\" content=\"article\" \/>\n<meta property=\"og:title\" content=\"Quem \u00e9 seu melhor professor?\" \/>\n<meta property=\"og:description\" content=\"Voc\u00ea sabe qual \u00e9 a forma de transformar voc\u00ea mesmo no seu melhor professor? Se a sua resposta foi n\u00e3o ent\u00e3o tenho uma \u00f3tima not\u00edcia para voc\u00ea. Nesse artigo vou te contar o que voc\u00ea precisa fazer para que voc\u00ea mesmo seja o seu melhor mentor. Ent\u00e3o, indo direto ao ponto, para se tornar o[...]\" \/>\n<meta property=\"og:url\" content=\"https:\/\/auladeacordeon.com.br\/blog\/quem-e-seu-melhor-professor-2\/\" \/>\n<meta property=\"og:site_name\" content=\"Aula de Acordeon\" \/>\n<meta property=\"article:author\" content=\"https:\/\/www.facebook.com\/rafaelvanazzi\" \/>\n<meta property=\"article:published_time\" content=\"2021-01-21T15:39:58+00:00\" \/>\n<meta property=\"article:modified_time\" content=\"2022-02-22T16:35:44+00:00\" \/>\n<meta property=\"og:image\" content=\"https:\/\/auladeacordeon.com.br\/blog\/wp-content\/uploads\/2021\/04\/aula-de-acordeon-rafa-vannazi-10.jpg\" \/>\n\t<meta property=\"og:image:width\" content=\"1280\" \/>\n\t<meta property=\"og:image:height\" content=\"720\" \/>\n\t<meta property=\"og:image:type\" content=\"image\/jpeg\" \/>\n<meta name=\"author\" content=\"Rafa Vanazzi\" \/>\n<meta name=\"twitter:card\" content=\"summary_large_image\" \/>\n<meta name=\"twitter:label1\" content=\"Escrito por\" \/>\n\t<meta name=\"twitter:data1\" content=\"Rafa Vanazzi\" \/>\n\t<meta name=\"twitter:label2\" content=\"Est. tempo de leitura\" \/>\n\t<meta name=\"twitter:data2\" content=\"3 minutos\" \/>\n<script type=\"application\/ld+json\" class=\"yoast-schema-graph\">{\"@context\":\"https:\/\/schema.org\",\"@graph\":[{\"@type\":\"Article\",\"@id\":\"https:\/\/auladeacordeon.com.br\/blog\/quem-e-seu-melhor-professor-2\/#article\",\"isPartOf\":{\"@id\":\"https:\/\/auladeacordeon.com.br\/blog\/quem-e-seu-melhor-professor-2\/\"},\"author\":{\"name\":\"Rafa Vanazzi\",\"@id\":\"https:\/\/auladeacordeon.com.br\/blog\/#\/schema\/person\/d282872940f9be9f1beab48368d5b634\"},\"headline\":\"Quem \u00e9 seu melhor professor?\",\"datePublished\":\"2021-01-21T15:39:58+00:00\",\"dateModified\":\"2022-02-22T16:35:44+00:00\",\"mainEntityOfPage\":{\"@id\":\"https:\/\/auladeacordeon.com.br\/blog\/quem-e-seu-melhor-professor-2\/\"},\"wordCount\":469,\"commentCount\":0,\"publisher\":{\"@id\":\"https:\/\/auladeacordeon.com.br\/blog\/#organization\"},\"keywords\":[\"acordeon\",\"apaixonados por acordeon\",\"aprendizado\",\"estrat\u00e9gia\",\"instrumento\",\"mentor\",\"motiva\u00e7\u00e3o\",\"professor\",\"Rafael Vanazzi\",\"ritmo\",\"tocar\"],\"articleSection\":[\"Artigos\"],\"inLanguage\":\"pt-BR\",\"potentialAction\":[{\"@type\":\"CommentAction\",\"name\":\"Comment\",\"target\":[\"https:\/\/auladeacordeon.com.br\/blog\/quem-e-seu-melhor-professor-2\/#respond\"]}]},{\"@type\":\"WebPage\",\"@id\":\"https:\/\/auladeacordeon.com.br\/blog\/quem-e-seu-melhor-professor-2\/\",\"url\":\"https:\/\/auladeacordeon.com.br\/blog\/quem-e-seu-melhor-professor-2\/\",\"name\":\"Quem \u00e9 seu melhor professor? - Aula de Acordeon\",\"isPartOf\":{\"@id\":\"https:\/\/auladeacordeon.com.br\/blog\/#website\"},\"datePublished\":\"2021-01-21T15:39:58+00:00\",\"dateModified\":\"2022-02-22T16:35:44+00:00\",\"breadcrumb\":{\"@id\":\"https:\/\/auladeacordeon.com.br\/blog\/quem-e-seu-melhor-professor-2\/#breadcrumb\"},\"inLanguage\":\"pt-BR\",\"potentialAction\":[{\"@type\":\"ReadAction\",\"target\":[\"https:\/\/auladeacordeon.com.br\/blog\/quem-e-seu-melhor-professor-2\/\"]}]},{\"@type\":\"BreadcrumbList\",\"@id\":\"https:\/\/auladeacordeon.com.br\/blog\/quem-e-seu-melhor-professor-2\/#breadcrumb\",\"itemListElement\":[{\"@type\":\"ListItem\",\"position\":1,\"name\":\"Home\",\"item\":\"https:\/\/auladeacordeon.com.br\/blog\/\"},{\"@type\":\"ListItem\",\"position\":2,\"name\":\"Quem \u00e9 seu melhor professor?\"}]},{\"@type\":\"WebSite\",\"@id\":\"https:\/\/auladeacordeon.com.br\/blog\/#website\",\"url\":\"https:\/\/auladeacordeon.com.br\/blog\/\",\"name\":\"Aula de Acordeon\",\"description\":\"Blog\",\"publisher\":{\"@id\":\"https:\/\/auladeacordeon.com.br\/blog\/#organization\"},\"alternateName\":\"Artigos e textos para quem ama acordeon\",\"potentialAction\":[{\"@type\":\"SearchAction\",\"target\":{\"@type\":\"EntryPoint\",\"urlTemplate\":\"https:\/\/auladeacordeon.com.br\/blog\/?s={search_term_string}\"},\"query-input\":\"required name=search_term_string\"}],\"inLanguage\":\"pt-BR\"},{\"@type\":\"Organization\",\"@id\":\"https:\/\/auladeacordeon.com.br\/blog\/#organization\",\"name\":\"Aula de Acordeon\",\"url\":\"https:\/\/auladeacordeon.com.br\/blog\/\",\"logo\":{\"@type\":\"ImageObject\",\"inLanguage\":\"pt-BR\",\"@id\":\"https:\/\/auladeacordeon.com.br\/blog\/#\/schema\/logo\/image\/\",\"url\":\"https:\/\/auladeacordeon.com.br\/blog\/wp-content\/uploads\/2022\/11\/logo_apaixonados_fundo_branco_v1-scaled.jpg\",\"contentUrl\":\"https:\/\/auladeacordeon.com.br\/blog\/wp-content\/uploads\/2022\/11\/logo_apaixonados_fundo_branco_v1-scaled.jpg\",\"width\":2560,\"height\":2560,\"caption\":\"Aula de Acordeon\"},\"image\":{\"@id\":\"https:\/\/auladeacordeon.com.br\/blog\/#\/schema\/logo\/image\/\"}},{\"@type\":\"Person\",\"@id\":\"https:\/\/auladeacordeon.com.br\/blog\/#\/schema\/person\/d282872940f9be9f1beab48368d5b634\",\"name\":\"Rafa Vanazzi\",\"image\":{\"@type\":\"ImageObject\",\"inLanguage\":\"pt-BR\",\"@id\":\"https:\/\/auladeacordeon.com.br\/blog\/#\/schema\/person\/image\/\",\"url\":\"https:\/\/secure.gravatar.com\/avatar\/f7b66a4dcfa10cbbc1315a89a8740e02?s=96&d=mm&r=g\",\"contentUrl\":\"https:\/\/secure.gravatar.com\/avatar\/f7b66a4dcfa10cbbc1315a89a8740e02?s=96&d=mm&r=g\",\"caption\":\"Rafa Vanazzi\"},\"description\":\"M\u00fasico com mestrado em Musicografia Braille na UNICAMP, Rafael \u00e9 professor de m\u00fasica com especialidade em acordeon.\",\"sameAs\":[\"https:\/\/www.apaixonadosporacordeon.com.br\/\",\"https:\/\/www.facebook.com\/rafaelvanazzi\",\"https:\/\/www.instagram.com\/apaixonadosporacordeon\/\",\"https:\/\/www.youtube.com\/rafavanazzi\"],\"url\":\"https:\/\/auladeacordeon.com.br\/blog\/author\/rafa\/\"}]}<\/script>\n<!-- \/ Yoast SEO Premium plugin. -->","yoast_head_json":{"title":"Quem \u00e9 seu melhor professor? - Aula de Acordeon","robots":{"index":"index","follow":"follow","max-snippet":"max-snippet:-1","max-image-preview":"max-image-preview:large","max-video-preview":"max-video-preview:-1"},"canonical":"https:\/\/auladeacordeon.com.br\/blog\/quem-e-seu-melhor-professor-2\/","og_locale":"pt_BR","og_type":"article","og_title":"Quem \u00e9 seu melhor professor?","og_description":"Voc\u00ea sabe qual \u00e9 a forma de transformar voc\u00ea mesmo no seu melhor professor? Se a sua resposta foi n\u00e3o ent\u00e3o tenho uma \u00f3tima not\u00edcia para voc\u00ea. Nesse artigo vou te contar o que voc\u00ea precisa fazer para que voc\u00ea mesmo seja o seu melhor mentor. Ent\u00e3o, indo direto ao ponto, para se tornar o[...]","og_url":"https:\/\/auladeacordeon.com.br\/blog\/quem-e-seu-melhor-professor-2\/","og_site_name":"Aula de Acordeon","article_author":"https:\/\/www.facebook.com\/rafaelvanazzi","article_published_time":"2021-01-21T15:39:58+00:00","article_modified_time":"2022-02-22T16:35:44+00:00","og_image":[{"width":1280,"height":720,"url":"https:\/\/auladeacordeon.com.br\/blog\/wp-content\/uploads\/2021\/04\/aula-de-acordeon-rafa-vannazi-10.jpg","type":"image\/jpeg"}],"author":"Rafa Vanazzi","twitter_card":"summary_large_image","twitter_misc":{"Escrito por":"Rafa Vanazzi","Est. tempo de leitura":"3 minutos"},"schema":{"@context":"https:\/\/schema.org","@graph":[{"@type":"Article","@id":"https:\/\/auladeacordeon.com.br\/blog\/quem-e-seu-melhor-professor-2\/#article","isPartOf":{"@id":"https:\/\/auladeacordeon.com.br\/blog\/quem-e-seu-melhor-professor-2\/"},"author":{"name":"Rafa Vanazzi","@id":"https:\/\/auladeacordeon.com.br\/blog\/#\/schema\/person\/d282872940f9be9f1beab48368d5b634"},"headline":"Quem \u00e9 seu melhor professor?","datePublished":"2021-01-21T15:39:58+00:00","dateModified":"2022-02-22T16:35:44+00:00","mainEntityOfPage":{"@id":"https:\/\/auladeacordeon.com.br\/blog\/quem-e-seu-melhor-professor-2\/"},"wordCount":469,"commentCount":0,"publisher":{"@id":"https:\/\/auladeacordeon.com.br\/blog\/#organization"},"keywords":["acordeon","apaixonados por acordeon","aprendizado","estrat\u00e9gia","instrumento","mentor","motiva\u00e7\u00e3o","professor","Rafael Vanazzi","ritmo","tocar"],"articleSection":["Artigos"],"inLanguage":"pt-BR","potentialAction":[{"@type":"CommentAction","name":"Comment","target":["https:\/\/auladeacordeon.com.br\/blog\/quem-e-seu-melhor-professor-2\/#respond"]}]},{"@type":"WebPage","@id":"https:\/\/auladeacordeon.com.br\/blog\/quem-e-seu-melhor-professor-2\/","url":"https:\/\/auladeacordeon.com.br\/blog\/quem-e-seu-melhor-professor-2\/","name":"Quem \u00e9 seu melhor professor? - Aula de Acordeon","isPartOf":{"@id":"https:\/\/auladeacordeon.com.br\/blog\/#website"},"datePublished":"2021-01-21T15:39:58+00:00","dateModified":"2022-02-22T16:35:44+00:00","breadcrumb":{"@id":"https:\/\/auladeacordeon.com.br\/blog\/quem-e-seu-melhor-professor-2\/#breadcrumb"},"inLanguage":"pt-BR","potentialAction":[{"@type":"ReadAction","target":["https:\/\/auladeacordeon.com.br\/blog\/quem-e-seu-melhor-professor-2\/"]}]},{"@type":"BreadcrumbList","@id":"https:\/\/auladeacordeon.com.br\/blog\/quem-e-seu-melhor-professor-2\/#breadcrumb","itemListElement":[{"@type":"ListItem","position":1,"name":"Home","item":"https:\/\/auladeacordeon.com.br\/blog\/"},{"@type":"ListItem","position":2,"name":"Quem \u00e9 seu melhor professor?"}]},{"@type":"WebSite","@id":"https:\/\/auladeacordeon.com.br\/blog\/#website","url":"https:\/\/auladeacordeon.com.br\/blog\/","name":"Aula de Acordeon","description":"Blog","publisher":{"@id":"https:\/\/auladeacordeon.com.br\/blog\/#organization"},"alternateName":"Artigos e textos para quem ama acordeon","potentialAction":[{"@type":"SearchAction","target":{"@type":"EntryPoint","urlTemplate":"https:\/\/auladeacordeon.com.br\/blog\/?s={search_term_string}"},"query-input":"required name=search_term_string"}],"inLanguage":"pt-BR"},{"@type":"Organization","@id":"https:\/\/auladeacordeon.com.br\/blog\/#organization","name":"Aula de Acordeon","url":"https:\/\/auladeacordeon.com.br\/blog\/","logo":{"@type":"ImageObject","inLanguage":"pt-BR","@id":"https:\/\/auladeacordeon.com.br\/blog\/#\/schema\/logo\/image\/","url":"https:\/\/auladeacordeon.com.br\/blog\/wp-content\/uploads\/2022\/11\/logo_apaixonados_fundo_branco_v1-scaled.jpg","contentUrl":"https:\/\/auladeacordeon.com.br\/blog\/wp-content\/uploads\/2022\/11\/logo_apaixonados_fundo_branco_v1-scaled.jpg","width":2560,"height":2560,"caption":"Aula de Acordeon"},"image":{"@id":"https:\/\/auladeacordeon.com.br\/blog\/#\/schema\/logo\/image\/"}},{"@type":"Person","@id":"https:\/\/auladeacordeon.com.br\/blog\/#\/schema\/person\/d282872940f9be9f1beab48368d5b634","name":"Rafa Vanazzi","image":{"@type":"ImageObject","inLanguage":"pt-BR","@id":"https:\/\/auladeacordeon.com.br\/blog\/#\/schema\/person\/image\/","url":"https:\/\/secure.gravatar.com\/avatar\/f7b66a4dcfa10cbbc1315a89a8740e02?s=96&d=mm&r=g","contentUrl":"https:\/\/secure.gravatar.com\/avatar\/f7b66a4dcfa10cbbc1315a89a8740e02?s=96&d=mm&r=g","caption":"Rafa Vanazzi"},"description":"M\u00fasico com mestrado em Musicografia Braille na UNICAMP, Rafael \u00e9 professor de m\u00fasica com especialidade em acordeon.","sameAs":["https:\/\/www.apaixonadosporacordeon.com.br\/","https:\/\/www.facebook.com\/rafaelvanazzi","https:\/\/www.instagram.com\/apaixonadosporacordeon\/","https:\/\/www.youtube.com\/rafavanazzi"],"url":"https:\/\/auladeacordeon.com.br\/blog\/author\/rafa\/"}]}},"_links":{"self":[{"href":"https:\/\/auladeacordeon.com.br\/blog\/wp-json\/wp\/v2\/posts\/788"}],"collection":[{"href":"https:\/\/auladeacordeon.com.br\/blog\/wp-json\/wp\/v2\/posts"}],"about":[{"href":"https:\/\/auladeacordeon.com.br\/blog\/wp-json\/wp\/v2\/types\/post"}],"author":[{"embeddable":true,"href":"https:\/\/auladeacordeon.com.br\/blog\/wp-json\/wp\/v2\/users\/3"}],"replies":[{"embeddable":true,"href":"https:\/\/auladeacordeon.com.br\/blog\/wp-json\/wp\/v2\/comments?post=788"}],"version-history":[{"count":0,"href":"https:\/\/auladeacordeon.com.br\/blog\/wp-json\/wp\/v2\/posts\/788\/revisions"}],"wp:featuredmedia":[{"embeddable":true,"href":"https:\/\/auladeacordeon.com.br\/blog\/wp-json\/wp\/v2\/media\/571"}],"wp:attachment":[{"href":"https:\/\/auladeacordeon.com.br\/blog\/wp-json\/wp\/v2\/media?parent=788"}],"wp:term":[{"taxonomy":"category","embeddable":true,"href":"https:\/\/auladeacordeon.com.br\/blog\/wp-json\/wp\/v2\/categories?post=788"},{"taxonomy":"post_tag","embeddable":true,"href":"https:\/\/auladeacordeon.com.br\/blog\/wp-json\/wp\/v2\/tags?post=788"}],"curies":[{"name":"wp","href":"https:\/\/api.w.org\/{rel}","templated":true}]}}